{"id":12981,"date":"2022-08-23T10:55:00","date_gmt":"2022-08-23T10:55:00","guid":{"rendered":"https:\/\/novisajt.mojkovac.me\/uncategorized-cyr\/zbor-gradana-mjesne-zajednice-stitarica\/"},"modified":"2023-03-09T12:52:27","modified_gmt":"2023-03-09T12:52:27","slug":"zbor-gradana-mjesne-zajednice-stitarica","status":"publish","type":"post","link":"https:\/\/novisajt.mojkovac.me\/cyr\/uncategorized-cyr\/zbor-gradana-mjesne-zajednice-stitarica\/","title":{"rendered":"Zbor gra\u0111ana Mjesne zajednice \u0160titarica"},"content":{"rendered":"\n<p class=\"wp-block-paragraph\">Na osnovu \u010dlana 115 stav 1 Statuta Op\u0161tine Mojkovac 29\/18 i 37\/22 Sekretarijat za op\u0161tu upravu, dru\u0161tvene djelatnosti i kadrovska pitanja saziva:<\/p>\n\n<p class=\"wp-block-paragraph\"><strong>Zbor gra\u0111ana Mjesne zajednice \u0160titarica<\/strong><\/p>\n\n<p class=\"wp-block-paragraph\">Zbor gra\u0111ana nastanjenih na podru\u010dju Mjesne zajednice \u0160titarica, odr\u017ea\u0107e se dana 31.08.2022. godine (srijeda) u prostorijama Mjesnog doma u \u0160titarici<\/p>\n\n<p class=\"wp-block-paragraph\">sa po\u010detkom u 19 \u010dasova.<\/p>\n\n<p class=\"wp-block-paragraph\"><strong>Dnevni red:<\/strong><\/p>\n\n<p class=\"wp-block-paragraph\">1.Izbor predsjednika mjesne zajednice<\/p>\n\n<p class=\"wp-block-paragraph\">2.Izbor savjeta mjesne zajednice<\/p>\n\n<p class=\"wp-block-paragraph\">3.Teku\u0107a pitanja<\/p>\n","protected":false},"excerpt":{"rendered":"<p>Na osnovu \u010dlana 115 stav 1 Statuta Op\u0161tine Mojkovac 29\/18 [\u2026]<\/p>\n","protected":false},"author":1,"featured_media":0,"comment_status":"open","ping_status":"open","sticky":false,"template":"","format":"standard","meta":{"inline_featured_image":false,"footnotes":""},"categories":[81],"tags":[],"class_list":["post-12981","post","type-post","status-publish","format-standard","hentry","category-uncategorized-cyr"],"acf":[],"_links":{"self":[{"href":"https:\/\/novisajt.mojkovac.me\/cyr\/wp-json\/wp\/v2\/posts\/12981","targetHints":{"allow":["GET"]}}],"collection":[{"href":"https:\/\/novisajt.mojkovac.me\/cyr\/wp-json\/wp\/v2\/posts"}],"about":[{"href":"https:\/\/novisajt.mojkovac.me\/cyr\/wp-json\/wp\/v2\/types\/post"}],"author":[{"embeddable":true,"href":"https:\/\/novisajt.mojkovac.me\/cyr\/wp-json\/wp\/v2\/users\/1"}],"replies":[{"embeddable":true,"href":"https:\/\/novisajt.mojkovac.me\/cyr\/wp-json\/wp\/v2\/comments?post=12981"}],"version-history":[{"count":2,"href":"https:\/\/novisajt.mojkovac.me\/cyr\/wp-json\/wp\/v2\/posts\/12981\/revisions"}],"predecessor-version":[{"id":12983,"href":"https:\/\/novisajt.mojkovac.me\/cyr\/wp-json\/wp\/v2\/posts\/12981\/revisions\/12983"}],"wp:attachment":[{"href":"https:\/\/novisajt.mojkovac.me\/cyr\/wp-json\/wp\/v2\/media?parent=12981"}],"wp:term":[{"taxonomy":"category","embeddable":true,"href":"https:\/\/novisajt.mojkovac.me\/cyr\/wp-json\/wp\/v2\/categories?post=12981"},{"taxonomy":"post_tag","embeddable":true,"href":"https:\/\/novisajt.mojkovac.me\/cyr\/wp-json\/wp\/v2\/tags?post=12981"}],"curies":[{"name":"wp","href":"https:\/\/api.w.org\/{rel}","templated":true}]}}