{"id":13209,"date":"2013-04-24T10:53:24","date_gmt":"2013-04-24T10:53:24","guid":{"rendered":"https:\/\/novisajt.mojkovac.me\/uncategorized-cyr\/obavjetenja\/"},"modified":"2023-03-24T12:27:30","modified_gmt":"2023-03-24T12:27:30","slug":"obavjetenja","status":"publish","type":"post","link":"https:\/\/novisajt.mojkovac.me\/cyr\/%d0%be%d0%b1%d0%b0%d0%b2%d1%98%d0%b5%d1%88%d1%82%d0%b5%d1%9a%d0%b5-%d0%b7%d0%b0-%d1%98%d0%b0%d0%b2%d0%bd%d0%be%d1%81%d1%82\/obavjetenja\/","title":{"rendered":"Oglasna tabla \u2013 objave \u2013 obavje\u0161tenja"},"content":{"rendered":"\n<p class=\"wp-block-paragraph\"><strong>Na ovoj stranici mo\u017eete prona\u0107i aktuelne objave za javnost,\u00a0 izvje\u0161taje i va\u017ene objave javnih ustanova i preduze\u0107a.<\/strong><\/p>\n\n\n\n<p class=\"wp-block-paragraph\"><strong>KATEGORIJE<\/strong><\/p>\n\n\n\n<div class=\"wp-block-buttons alignwide is-layout-flex wp-block-buttons-is-layout-flex\">\n<div class=\"wp-block-button has-custom-width wp-block-button__width-25 has-custom-font-size is-style-fill\" style=\"font-size:0.78rem\"><a class=\"wp-block-button__link has-primary-background-color has-background wp-element-button\" href=\"https:\/\/novisajt.mojkovac.me\/sekr-opsta-uprava\/interni-i-javni-oglasi\/\">OGLA\u0160AVANJE JAVNI I INTERNI OGLASI<\/a><\/div>\n\n\n\n<div class=\"wp-block-button has-custom-width wp-block-button__width-25 has-custom-font-size\" style=\"font-size:0.78rem\"><a class=\"wp-block-button__link has-primary-background-color has-background wp-element-button\" href=\"javno-objavljivanje-neurucenih-rjesenja\">OBJAVLJIVANJE NEURU\u010cENIH RJE\u0160ENJA <\/a><\/div>\n\n\n\n<div class=\"wp-block-button has-custom-width wp-block-button__width-25 has-custom-font-size\" style=\"font-size:0.775rem\"><a class=\"wp-block-button__link has-primary-background-color has-background wp-element-button\" href=\"https:\/\/novisajt.mojkovac.me\/obavjetenja-za-medije\/javna-preduzea-i-ustanove\/\">IZVJE\u0160TAJI JAVNE USTANOVE<\/a><\/div>\n<\/div>\n\n\n\n<div class=\"wp-block-buttons is-content-justification-left is-layout-flex wp-container-core-buttons-is-layout-63375db1 wp-block-buttons-is-layout-flex\">\n<div class=\"wp-block-button has-custom-width wp-block-button__width-25 has-custom-font-size\" style=\"font-size:0.78rem\"><a class=\"wp-block-button__link has-primary-background-color has-background wp-element-button\" href=\"https:\/\/novisajt.mojkovac.me\/obavjetenja-za-medije\/mjesne-zajednice\/\">OBAVJE\u0160TENJA MJESNE  ZAJEDNICE<\/a><\/div>\n\n\n\n<div class=\"wp-block-button has-custom-width wp-block-button__width-25 has-custom-font-size\" style=\"font-size:0.78rem\"><a class=\"wp-block-button__link has-primary-background-color has-background wp-element-button\" href=\"https:\/\/novisajt.mojkovac.me\/obavjetenja-za-medije\/mediji-finansijska-sredstva\/\">MEDIJI FINANSIJSKA SREDSTVA<\/a><\/div>\n\n\n\n<div class=\"wp-block-button has-custom-width wp-block-button__width-25 has-custom-font-size\" style=\"font-size:0.78rem\"><a class=\"wp-block-button__link has-body-color has-primary-background-color has-text-color has-background wp-element-button\">KRATKE PRI\u010cE IZ MOJKOVCA<\/a><\/div>\n<\/div>\n\n\n\n<p class=\"wp-block-paragraph\"><\/p>\n\n\n<p style=\"line-height: 14.3px;\"><strong><span style=\"font-size: 14pt; color: #ff0000;\"><br>PROMOCIJE<\/span><\/strong><\/p>\n<p><a href=\"index.php?option=com_content&view=article&id=736:unicef-u-cg-video-spot-osloni-se-na-nauku&catid=2:aktuelnosti\"><span style=\"background-color: inherit; color: inherit; font-family: inherit; font-size: 1rem;\">\u00a0<\/span><img loading=\"lazy\" decoding=\"async\" class=\"alignleft size-medium wp-image-18170 size-full wp-image-1569\" src=\"https:\/\/novisajt.mojkovac.me\/wp-content\/uploads\/2013\/04\/unicef-300x127.png\" alt=\"\" width=\"172\" height=\"73\"><\/a><\/p>\n<p><span style=\"color: #000080;\"><a style=\"color: #000080;\" href=\"index.php?option=com_content&view=article&id=736:unicef-u-cg-video-spot-osloni-se-na-nauku&catid=2:aktuelnosti\">Zajednici op\u0161tina Crne Gore pismom se obratio\u00a0<strong><em>Huan Santander, \u0161ef predstavni\u0161tva UNICEF-a u Crnoj Gori<\/em><\/strong>, sa molbom da Zajednica opstina i lokalne samouprave podr\u017ee ja\u010danje povjerenja me\u0111u gra\u0111anima Crne Gore u vezi dezinformacija, teorija zavjere o vakcinaciji, klimatskim promjenama i drugim aktuelnim temama.\u00a0<\/a><\/span><br><span style=\"color: #000080;\"><a style=\"color: #000080;\" href=\"index.php?option=com_content&view=article&id=736:unicef-u-cg-video-spot-osloni-se-na-nauku&catid=2:aktuelnosti\">Kako se radi o temama va\u017enim za \u017eivot gra\u0111ana, Zajednica op\u0161tina preduzima prvi korak objavljivanjem video spota \u201c<strong><em>Osloni se na nauku<\/em><\/strong>\u201d, na svom sajtu, uvjereni da \u0107e isto u\u010diniti i jedinice lokalne samouprave u komunikaciji sa lokalnim javnim emiterima, kojima smo se ovim povodom obratili.<\/a><\/span><\/p>\n<p><\/p>\n<p><strong style=\"color: #800000; background-color: inherit; font-family: inherit; font-size: 1rem;\"><span style=\"font-size: 14pt;\">OSTALE OBJAVE<\/span><\/strong><\/p>\n<p><span style=\"font-size: 12pt;\"><strong><span style=\"color: #800000;\">19.10.2022.<br><\/span><\/strong><\/span><strong><span style=\"font-size: 12pt; color: #800000;\">Javna rasprava \u2013 Odluka o izmjenama i dopunama Odluke o bud\u017eetu Op\u0161tine Mojkovac za 2022.<\/span><\/strong><\/p>\n<p style=\"text-align: left;\"><span style=\"font-size: 10pt; color: #000000;\">Sekretarijat za finansije, imovinu i ekonomski razvoj Op\u0161tine Mojkovac obavje\u0161tava zainteresovanu javnost da je Zaklju\u010dkom predsjednika op\u0161tine stavljen na javnu raspravu Nacrt odluke o izmjenama i dopunama Odluke o bud\u017eetu 2022. godinu<strong>.<\/strong><\/span><\/p>\n<p><span style=\"color: #000080;\">Javnu raspravu sprove\u0161\u0107e Sekretarijat\u00a0za finansije, imovinu i ekonomski razvoj u trajanju od 15 dana od dana dono\u0161enja zaklju\u010dka.\u00a0<\/span><br><span style=\"color: #000080;\">Centralna javna rasprava odr\u017ea\u0107e se 31.10.2022. godine u 11 \u010dasova<\/span><br><span style=\"color: #000080;\">Pozivaju se svi zainteresovani subjekti da\u00a0<strong>do 03.11.2022.<\/strong>\u00a0godine daju svoje primjedbe, predloge i sugestije pisanim putem preko pisarnice Op\u0161tine Mojkovac ili putem e-maila:<span style=\"text-decoration: underline;\">\u00a0<a style=\"color: #000080; text-decoration: underline;\" href=\"mailto:sek.finansijemo@t-com.me\" target=\"_blank\" rel=\"noopener\">sek.finansijemo@t-com.me<\/a><\/span>\u00a0sa naznakon: \u201cSugestije na Nacrt Odluke o izmjenama i dopunama odluke o Bud\u017eetu op\u0161tine Mojkovac za 2022. godinu\u201d<\/span><\/p>\n<p><strong><span style=\"color: #000080;\"><a href=\"http:\/\/novisajt.mojkovac.me\/wp-content\/uploads\/2023\/01\/zakljucak-1.pdf\"><span style=\"color: #000080;\">Preuzmite zaklju\u010dak<\/span>\u2013<span style=\"color: #993300;\">ovdje<\/span><\/a><a style=\"color: #000080;\" href=\"images\/stories\/dokumenti\/javne-rasprave\/zakljucak.pdf\"><br><\/a><\/span><\/strong><\/p>\n<p><a href=\"http:\/\/novisajt.mojkovac.me\/wp-content\/uploads\/2023\/01\/rebalans_2022-za-jr-1-1.pdf\"><span style=\"color: #000080;\"><strong>Odluka o izmjenama i dopunama Bud\u017eeta op\u0161tine Mojkovac za 2022. godinu<\/strong><\/span>\u2013<strong><span style=\"color: #800000;\">preuzmite ovdje<\/span><\/strong><\/a><br><span style=\"color: #000080;\"><span style=\"color: #000000;\"><strong><span style=\"font-size: 12pt;\">_________________________________________<\/span><\/strong><\/span><\/span><\/p>\n<p><span style=\"color: #800000;\"><strong><span style=\"font-size: 14pt;\"><span style=\"font-size: 12pt;\">02.09.2022.<\/span><\/span><\/strong><\/span><\/p>\n<p><span style=\"color: #800000;\"><strong><span style=\"font-size: 14pt;\"><span style=\"font-size: 12pt;\">JAVNO<\/span><\/span><span style=\"font-size: 14pt;\"><span style=\"font-size: 12pt;\"> OBJAVLJIVANJE NEURU\u010cENIH RJE\u0160ENJA\u00a0<\/span><\/span><\/strong><\/span><\/p>\n<p><span style=\"color: #000080;\">Sekretarijat za finansije, imovinu i ekonomski razvoj Op\u0161tine Mojkovac,obavje\u0161tava poreske obveznike da \u0107e na osnovu \u010dlana 87 Zakona o upravnom postupku izvr\u0161iti dostavljanje javnim obavje\u0161tavanjem i\u00a0objavljivanjem na internet stranici neuru\u010denih rje\u0161enja o utvr\u0111enom porezu na nepokretnost , <span style=\"color: #800000;\"><span style=\"text-decoration: underline;\"><strong>d<\/strong><strong>ana 02.09.2022. godine<\/strong><\/span>.<\/span> Budu\u0107i da dostavljanje predmetnih akata nije bilo mogu\u0107e izvr\u0161iti na jedan od na\u010dina propisanih \u010dlanovima 84 i 85 Zakona o upravnom postupku, ovaj organ vr\u0161i dostavljanje istih javnim obavje\u0161tavanjem, odnosno objavljivanjem na oglasnoj tabli na internet stranici Op\u0161tine Mojkovac<span style=\"text-decoration: underline;\">\u00a0www.mojkovac.me<\/span>.Dostavljanje javnim obavje\u0161tavanjem i\u00a0smatra se izvr\u0161enim po isteku roka od 10 (deset) dana od dana objavljivanja pismena.Uvid u rje\u0161enja mo\u017ee se izvr\u0161iti u kancelariji Sekretarijata za finansije, imovinu i ekonomski razvoj br. 10 svakog radnog dana (pon-pet) u periodu od 7h do 15h.<\/span><\/p>\n<p><strong><a href=\"http:\/\/novisajt.mojkovac.me\/wp-content\/uploads\/2023\/01\/Rjesenje_o_utvrdjivanju_poreza_i_prinudna_naplata.pdf\"><span style=\"color: #000080;\">-Porez-pravna lica i prinudna naplata-preuzmite<\/span><\/a><\/strong><br><span style=\"color: #000080;\"><span style=\"color: #000000;\"><strong><span style=\"font-size: 12pt;\">_________________________________________<\/span><\/strong><\/span><\/span><\/p>\n<p><strong><span style=\"font-size: 12pt;\"><span style=\"color: #000080;\">23.06.2022.<\/span><br><\/span><\/strong><span style=\"color: #000080;\">Na osnovu \u010dlana 2 Odluke o imenovanju Komisije za izradu Predloga Odluke o izmjenama i dopunama Statuta op\u0161tine Mojkovac, br. 05-040\/22-125 od 10. juna 2022. godine, Komisija <strong>objavljuje <\/strong><\/span><\/p>\n<p style=\"text-align: center;\"><a href=\"http:\/\/novisajt.mojkovac.me\/wp-content\/uploads\/2023\/01\/Javna-rasprava-za-izmjene-Statuta-1.pdf\"><span style=\"color: #800000;\"><strong>JAVNU RASPRAVU<\/strong><\/span><\/a><\/p>\n<p><span style=\"color: #000080;\">Obavje\u0161tavaju se zainteresovani da je Skup\u0161tina op\u0161tine Mojkovac na sjednici odr\u017eanoj dana 10.6.2022. godine, donijela Odluku o imenovanju Komisije za izradu Predloga Odluke o izmjenama i dopunama Statuta op\u0161tine Mojkovac, br. 05-040\/22-125, shodno tome Komisija otvara Javnu raspravu u trajanju od 15 dana, u periodu od 22.6.2022. godine do 7.7.2022. godine.<\/span><\/p>\n<p><span style=\"color: #000080;\">Centralna Javna rasprava odr\u017ea\u0107e se 6.7.2022. godine, u Multimedijalnoj sali administrativne zgrade op\u0161tine Mojkovac sa po\u010detkom u 11h.<\/span><\/p>\n<p><span style=\"color: #000080;\">Pozivamo Vas da svoje primjedbe, sugestije i mi\u0161ljenja u vezi sa izmjenama Statuta op\u0161tine Mojkovac, dostavite u pisanoj formi na adresu op\u0161tine Mojkovac sa naznakom \u00a0Komisija za izradu Predloga Odluke o izmjenama i dopunama Statuta op\u0161tine Mojkovac do 7.7.2022. godine, ili na e-mail adresu <a style=\"color: #000080;\" href=\"mailto:somojkovac@gmail.com\">somojkovac@gmail.com<\/a>.<\/span><\/p>\n<p><span style=\"color: #000080;\">Komisija za izradu Predloga Odluke o izmjenama i dopunama Statuta op\u0161tine Mojkovac, razmotri\u0107e primjedbe, sugestije i mi\u0161ljenja u\u010desnika javne rasprave i sa\u010diniti Izvje\u0161taj o sprovedenoj javnoj raspravi.<\/span><\/p>\n<p><span style=\"color: #000080;\"><strong>PREDSJEDNIK KOMISIJE<\/strong><\/span><\/p>\n<p><span style=\"color: #000080;\">Miloje Krgovi\u0107<br><span style=\"color: #000000;\"><strong><span style=\"font-size: 12pt;\">_________________________________________<\/span><\/strong><\/span><br><\/span><\/p>\n<p><span style=\"color: #000080;\"><strong><span style=\"font-size: 12pt;\">09.06.2022.<\/span><\/strong><\/span><\/p>\n<p><span style=\"color: #000080;\"><a style=\"color: #000080;\" href=\"http:\/\/novisajt.mojkovac.me\/wp-content\/uploads\/2023\/01\/Javni_poziv_za_podrsku_nezaposlenim_licima_u_Mojkovcu-1.pdf\"><span style=\"font-size: 10pt;\"><strong>JAVNI POZIV\u00a0<\/strong><\/span><span style=\"font-size: 10pt;\"><strong>ZA PODR\u0160KU NEZAPOSLENIM LICIMA U MOJKOVCU<\/strong><\/span><\/a><br><\/span><span style=\"color: #000080;\"><strong>PREUZMITE<\/strong><\/span>:<br><a href=\"http:\/\/novisajt.mojkovac.me\/wp-content\/uploads\/2023\/01\/Javni_poziv_za_podrsku_nezaposlenim_licima_u_Mojkovcu-1.pdf\"><span style=\"color: #000080;\">1. Javni poziv<\/span><\/a><br><a href=\"http:\/\/novisajt.mojkovac.me\/wp-content\/uploads\/2023\/01\/Obrazac_A_Prijavni_formular_Mojkovac-1.docx\"><span style=\"color: #000080;\">2. Obrazac A: prijavni formular<\/span><\/a><br><a href=\"http:\/\/novisajt.mojkovac.me\/wp-content\/uploads\/2023\/01\/Obrazac_B_Izjava_podnosioca_prijave_Mojkovac-1.docx\"><span style=\"color: #000080;\">3. Obrazac B: izjava podnosioca<\/span><\/a><\/p>\n<p><strong><span style=\"font-size: 12pt;\">_________________________________________<br>01.06.2022.<br><\/span><\/strong><span style=\"color: #000080;\"><a style=\"color: #000080;\" href=\"http:\/\/novisajt.mojkovac.me\/wp-content\/uploads\/2023\/01\/odluka-dodjela-bespovr-sredstava-2021-1.pdf\"><strong><span style=\"font-size: 12pt;\">Odluka o dodjeli sredstava po Javnom pozivu za dodjelu bespovratnih sredstava za pove\u0107anje zaposlenosti u Kola\u0161inu i Mojkovcu \u2013 preuzmite<\/span><\/strong><\/a><\/span><br><strong><span style=\"font-size: 12pt;\">_________________________________________<br><\/span><\/strong><\/p>\n<h5><span style=\"font-size: 12pt;\"><a href=\"https:\/\/novisajt.mojkovac.me\/wp-content\/uploads\/2013\/04\/Copy_of_FINAL_Bodovna_lista_NVO_Klaster_Tara_2.pdf\"><strong><span style=\"color: #000080;\">19.05.2022.<\/span><br><span style=\"color: #000080;\">Lista odobrenih projekata NVO Program RELOAD.<\/span><\/strong><\/a><br><\/span><strong style=\"color: #800000; background-color: inherit; font-family: inherit; font-size: 1rem;\"><span style=\"font-size: 14pt;\"><strong><span style=\"font-size: 12pt;\"><span style=\"color: #000000;\">_________________________________________<\/span><br><\/span><\/strong><br><span style=\"color: #000080;\"><a style=\"color: #000080;\" href=\"https:\/\/novisajt.mojkovac.me\/wp-content\/uploads\/2013\/04\/odluka-sport-2022.pdf\">18.05.2022.<\/a><\/span><br><span style=\"color: #000080;\"><a style=\"color: #000080;\" href=\"https:\/\/novisajt.mojkovac.me\/wp-content\/uploads\/2013\/04\/odluka-sport-2022.pdf\"><strong>Odluka o sufinansiranju rada sportskih klubova za 2022.<\/strong><\/a><\/span><\/span><\/strong><\/h5>\n<p><strong style=\"color: #800000; background-color: inherit; font-family: inherit; font-size: 1rem;\"><span style=\"font-size: 14pt;\"><strong><span style=\"font-size: 12pt;\"><span style=\"color: #000000;\">_________________________________________<\/span><br><\/span><\/strong><\/span><\/strong><span style=\"font-size: 14pt;\"><span style=\"color: #333399;\"><strong><br><span style=\"color: #000080;\"><a style=\"color: #000080;\" href=\"https:\/\/novisajt.mojkovac.me\/wp-content\/uploads\/2013\/04\/plan_licenciranja_2022.pdf\">12.05.2022.<\/a><\/span><br><a style=\"color: #333399;\" href=\"https:\/\/novisajt.mojkovac.me\/wp-content\/uploads\/2013\/04\/plan_licenciranja_2022.pdf\"><span style=\"font-size: 12pt;\"><span style=\"color: #000080;\">Obavje\u0161tenje o licenciranju grla 2022.<\/span><\/span><\/a><\/strong><\/span><\/span><\/p>\n<p><strong>\u00a0<\/strong><strong style=\"color: #800000; background-color: inherit; font-family: inherit; font-size: 1rem;\"><span style=\"font-size: 14pt;\"><strong><span style=\"font-size: 12pt;\"><span style=\"color: #000000;\">_______________________________________<\/span><\/span><\/strong><\/span><\/strong><\/p>\n<h5><span style=\"font-size: 14pt;\"><strong>27.04.2022.<\/strong><\/span><\/h5>\n<h2><a href=\"https:\/\/www.eko-fond.me\/me\/javni-konkursi\/javni-pozivi\/\"><span style=\"color: #000080;\"><strong><span style=\"font-size: 10pt;\">Fond za za\u0161titu \u017eivotne sredine (Eko-fond) 27. 04. 2022. godine objavio dva javna konkursa za\u00a0dodjelu subvencija za kupovinu elektri\u010dnih i hibridnih vozila (kategorije L, M1 i N1).<\/span><\/strong><\/span><\/a><\/h2>\n<p><span style=\"color: #000080;\"><strong><span style=\"font-size: 10pt;\"><a href=\"https:\/\/www.eko-fond.me\/me\/javni-konkursi\/javni-pozivi\/\">Detaljnije informacije o uslovima i na\u010dinu dobijanja subvencija nalaze u tekstovima javnih konkursa koji su objavljeni na sajtu Eko-fonda\u00a0<\/a><\/span><\/strong><\/span><\/p>\n<p><strong><span style=\"color: #800080;\"><a style=\"color: #800080;\" href=\"https:\/\/www.eko-fond.me\/me\/javni-konkursi\/javni-pozivi\/\">https:\/\/www.eko-fond.me\/me\/javni-konkursi\/javni-pozivi\/<\/a><\/span><\/strong><\/p>\n<p><strong style=\"color: #800000; background-color: inherit; font-family: inherit; font-size: 1rem;\"><span style=\"font-size: 14pt;\"><strong>27.04.2022.<\/strong><\/span><\/strong><\/p>\n<p><strong><span style=\"color: #000080;\"><a style=\"color: #000080;\" href=\"index.php?option=com_content&view=article&id=777:javni-poziv-za-dodjelu-bespovratnih-sredstava-za-povecanje-zaposlenosti-u-kolasinu-i-mojkovcu-2&catid=2\">JAVNI POZIV ZA DODJELU BESPOVRATNIH SREDSTAVA ZA POVE\u0106ANJE ZAPOSLENOSTI U\u00a0KOLA\u0160INU I MOJKOVCU<\/a><\/span><\/strong><\/p>\n<p><strong style=\"color: #800000; background-color: inherit; font-family: inherit; font-size: 1rem;\"><span style=\"font-size: 14pt;\"><strong>27.04.2022.<\/strong><br><span style=\"font-size: 12pt;\"><span style=\"color: #000080;\"><a style=\"color: #000080;\" href=\"index.php?option=com_content&view=article&id=778:info-dan-prezentacija-programa-za-unapredenje-konkurentnosti-privrede-za-2022-godinu-ministarstva-ekonomskog-razvoja&catid=2\"><span style=\"font-size: 10pt;\">Info dan \u2013 Prezentacija programa za unapre\u0111enje konkurentnosti privrede za 2022. godinu Ministarstva ekonomskog razvoja<\/span><\/a><\/span><strong><br><\/strong><\/span><\/span><\/strong><\/p>\n<p><strong style=\"color: #800000; background-color: inherit; font-family: inherit; font-size: 1rem;\"><span style=\"font-size: 14pt;\"><strong>26.04.2022.<\/strong><br><\/span><\/strong><\/p>\n<p><span style=\"font-size: 10pt; color: #000080;\"><a style=\"color: #000080;\" href=\"https:\/\/novisajt.mojkovac.me\/wp-content\/uploads\/2013\/04\/obavj-ponis-jav-poziva.pdf\">Obavje\u0161tavaju se privredni subjekti o poni\u0161tavanju Javnog poziva za dodjelu bespovratnih sredstava za zapo\u0161ljavanje u op\u0161tinama Mojkovac i Kola\u0161in.<\/a><\/span><\/p>\n<p><span style=\"font-size: 10pt;\"><a href=\"https:\/\/novisajt.mojkovac.me\/wp-content\/uploads\/2013\/04\/obavj-ponis-jav-poziva.pdf\"><span style=\"color: #000080;\">Preuzmite Obavje\u0161tenje.<\/span><br><\/a><\/span><strong style=\"color: #800000; background-color: inherit; font-family: inherit; font-size: 1rem;\"><span style=\"font-size: 14pt;\">______________________________________<\/span><\/strong><\/p>\n<p><span style=\"color: #000080; font-size: 12pt;\"><strong>15.04.2022.<\/strong><\/span><\/p>\n<p>Komisija za dodjelu studentskih stipendija za \u0161kolsku 2021\/2022, utvrdila je<\/p>\n<p><strong><a href=\"https:\/\/novisajt.mojkovac.me\/wp-content\/uploads\/2013\/04\/rang-lista-stipendije-21-22.pdf\"><span style=\"color: #800000;\">RANG LISTU za dodjelu studentskih stipendija 2021\/2022.<\/span><\/a><\/strong><\/p>\n<p><a href=\"https:\/\/novisajt.mojkovac.me\/wp-content\/uploads\/2013\/04\/rang-lista-stipendije-21-22.pdf\">Rang lista \u2013 preuzmi<\/a><\/p>\n<p>Kandidati koji nijesu zadovoljni utvr\u0111enom Rang listom mogu podnijeti pismeni prigovor predsjedniku Op\u0161tine u roku od osam dana od dana objavljivanja Rang liste na oglasnoj tabli Op\u0161tine.<\/p>\n<p>Rang lista je objavljena na Oglasnoj tabli Op\u0161tine Mojkovac i na web stranici Op\u0161tine Mojkovac dana 15.04.2022. godine.<br>______________________________________<\/p>\n<p><strong><span style=\"color: #800000; font-size: 12pt;\">05.04.2022.<\/span><\/strong><\/p>\n<p><span style=\"color: #800000;\"><a style=\"color: #800000;\" href=\"https:\/\/novisajt.mojkovac.me\/wp-content\/uploads\/2013\/04\/Saoptenje_za_medije_-_Mojkovac_1.pdf\"><strong>Predstavljen projekat za pove\u0107anje zaposlenosti\u00a0u Kola\u0161inu i Mojkovcu\u00a0\u00a0<\/strong><\/a><\/span><\/p>\n<p>Konferencija povodom predstavljanja projekta \u201cPove\u0107anje zaposlenosti u Kola\u0161inu i Mojkovcu kroz obuku na radnom mjestu i otvaranje radnih mjesta\u201d odr\u017eana je danas u Mojkovcu.<\/p>\n<p>Ovaj projekat ima za cilj da obezbijedi podr\u0161ku poslodavcima u dvije partnerske op\u0161tine za obuku na radnom mjestu i kreiranje novih radnih mjesta kroz grant \u0161eme, podstakne unapre\u0111enje znanja, vje\u0161tina i kompetencija nezaposlenih odraslih lica za zapo\u0161ljivost, mobilnost na tr\u017ei\u0161tu rada i konkurentnost u Kola\u0161inu i Mojkovcu, kao i da promovi\u0161e aktivne mjere tr\u017ei\u0161ta rada i podstakne bolju saradnju sa privatnim privrednim subjektima kroz prenos nau\u010denih lekcija i dalji razvoj politike zapo\u0161ljavanja.<\/p>\n<p>Govore\u0107i o va\u017enosti projekta, predsjednik Op\u0161tine Mojkovac, Vesko Deli\u0107 naglasio je, da je projekat izuzetno zna\u010dajan za Op\u0161tinu Mojkovac jer predstavlja jedan dio odgovora na mo\u017eda i najveci izazov sa kojim se kao lokalna uprava susre\u0107u , a to je kako podsta\u0107i otvaranje odr\u017eivih radnih mjesta .<\/p>\n<p>\u201eVa\u0161 trud da odr\u017eite svoje biznise u vremenu u kom je va\u0161e poslovanje dodatno ote\u017eano i pandemijom i globalnim tokovima koji uti\u010du na na\u0161u ekonomiju , jako nam je zna\u010dajan a interesovanje koje ste iskazali dana\u0161njim prisustvom ukazuje da \u0107emo, vjeruju\u0107i u partnerski odnos, zajedni\u010dki nastaviti da unapre\u0111ujemo na\u0161u lokalnu zajednicu u cjelini\u201c, rekao je Deli\u0107 okupljenima.<\/p>\n<p>Ovaj doga\u0111aj bio je i prilika da se pored Projekta, predstavi i Javni poziv za dodjelu bespovratnih sredstava za pove\u0107anje zaposlenosti u Kola\u0161inu i Mojkovcu koji je objavljen 01. aprila 2022. godine i traja\u0107e do 15. aprila (do 14h).<\/p>\n<p>Savjetnica za razvoj, implementaciju, i izvje\u0161tavanje projekata, Milica Risti\u0107 navela je da je implementacija projekta zapo\u010dela u novembru mjesecu 2021. godine i da se sada ulazi u realizaciju glavnih aktivnosti. Za poslodavce sa teritorije op\u0161tine Mojkovac kroz projekat je obezbije\u0111eno 100.000,00 \u20ac. Nakon ovog poziva bi\u0107e raspisan i javni poziv za nezaposlena lica sa evidencije ZZZCG (filijala Mojkovac) sa kojma \u0107e poslodavci koji dobiju bespovratna sredstva sklopiti ugovore.Ona je pojasnila uslove Poziva i kriterijume prihvatljivosti za poslodavce koji su registrovani u Mojkovcu ili koji poslovnu djelatnost obavljaju na teritoriji te op\u0161tine.\u00a0 \u00a0 \u00a0<\/p>\n<p><img loading=\"lazy\" decoding=\"async\" class=\" size-full wp-image-1576\" src=\"https:\/\/novisajt.mojkovac.me\/wp-content\/uploads\/2013\/04\/4photo_2022-04-05_13-23-02.jpg\" alt=\"4photo 2022 04 05 13 23 02\" width=\"223\" height=\"167\">\u00a0\u00a0<img loading=\"lazy\" decoding=\"async\" class=\" size-full wp-image-1577\" src=\"https:\/\/novisajt.mojkovac.me\/wp-content\/uploads\/2013\/04\/1photo_2022-04-05_13-23-0.jpg\" alt=\"1photo 2022 04 05 13 23 0\" width=\"222\" height=\"167\">\u00a0\u00a0<img loading=\"lazy\" decoding=\"async\" class=\" size-full wp-image-1578\" src=\"https:\/\/novisajt.mojkovac.me\/wp-content\/uploads\/2013\/04\/3photo_2022-04-05_13-23-02_2.jpg\" alt=\"3photo 2022 04 05 13 23 02 2\" width=\"223\" height=\"168\">\u00a0\u00a0<\/p>\n<p><span style=\"color: #800000;\"><strong><span style=\"font-size: 14pt;\"><span style=\"font-size: 12pt;\"><span style=\"font-size: 12pt;\"><span style=\"color: #800000;\"><span style=\"font-size: 12pt; color: #000080;\">__________________<\/span><br>30.11.2021.<br><\/span><\/span><\/span><\/span><span style=\"font-size: 14pt;\"><span style=\"font-size: 12pt;\"><span style=\"font-size: 12pt;\"><span style=\"color: #800000;\">JAVNO<\/span><\/span><\/span><\/span><span style=\"font-size: 14pt;\"><span style=\"font-size: 12pt;\"><span style=\"font-size: 12pt;\"><span style=\"color: #800000;\"> OBJAVLJIVANJE NEURU\u010cENIH RJE\u0160ENJA\u00a0<\/span><\/span><\/span><\/span><\/strong><\/span><\/p>\n<p><span style=\"color: #000080;\">Sekretarijat za finansije, imovinu i ekonomski razvoj Op\u0161tine Mojkovac,obavje\u0161tava poreske obveznike da \u0107e na osnovu \u010dlana 87 Zakona o upravnom postupku izvr\u0161iti dostavljanje javnim obavje\u0161tenjem svih neuru\u010denih rje\u0161enja o utvr\u0111enom porezu na nepokretnost objekata za 2021. godinu, <span style=\"color: #800000;\"><span style=\"text-decoration: underline;\"><strong>d<\/strong><strong>ana 30.11.2021. godine<\/strong><\/span>.<\/span> Budu\u0107i da dostavljanje predmetnih akata nije bilo mogu\u0107e izvr\u0161iti na jedan od na\u010dina propisanih \u010dlanovima 84 i 85 Zakona o upravnom postupku, ovaj organ vr\u0161i dostavljanje istih javnim obavje\u0161tavanjem, odnosno objavljivanjem na oglasnoj tabli Op\u0161tine Mojkovac i na internet stranici Op\u0161tine Mojkovac.Dostavljanje javnim obavje\u0161tavanjem smatra se izvr\u0161enim po isteku roka od 10 (deset) dana od dana objavljivanja pismena.Uvid u rje\u0161enja mo\u017ee se izvr\u0161iti u kancelariji Sekretarijata za finansije, imovinu i ekonomski razvoj br. 10 svakog radnog dana (pon-pet) u periodu od 7h do 15h.<\/span><\/p>\n<p><span style=\"color: #000080;\"><a style=\"color: #000080;\" href=\"https:\/\/novisajt.mojkovac.me\/wp-content\/uploads\/2011\/10\/jav-obj-porez-obj-nepotpuna_adresa.pdf\">-Porez na nepokretnosti-objekti (nepotpuna adresa korisnika) \u2013 preuzmite<\/a><\/span><\/p>\n<p><a style=\"color: #000080;\" href=\"https:\/\/novisajt.mojkovac.me\/wp-content\/uploads\/2011\/10\/jav-obj-porez-obj-inostranstvo.pdf\">-Porez na nepokretnosti-objekti (obveznici iz regiona i inostranstva) \u2013 preuzmite<\/a><\/p>\n<p><a href=\"https:\/\/novisajt.mojkovac.me\/wp-content\/uploads\/2011\/10\/Nepotpuna_adresa_-_zemljite.pdf\"><span style=\"color: #000080;\">-Porez na nepokretnosti-zemlji\u0161te (nepotpuna adresa korisnika) \u2013 preuzmite<\/span><\/a><\/p>\n<p><a href=\"https:\/\/novisajt.mojkovac.me\/wp-content\/uploads\/2011\/10\/Vraena_pota_-_zemljite.pdf\"><span style=\"color: #000080;\">-Porez na nepokretnosti-zemlji\u0161te (po\u0161ta-vra\u0107ena re\u0161enja neta\u010dne adrese) \u2013 preuzmite<\/span><\/a><\/p>\n<p><a href=\"https:\/\/novisajt.mojkovac.me\/wp-content\/uploads\/2011\/10\/Inostranstvo_1.pdf\"><span style=\"color: #000080;\">-Porez na nepokretnosti-zemlji\u0161te (inostranstvo-1) \u2013 preuzmite<br><\/span><\/a><\/p>\n<p><a href=\"https:\/\/novisajt.mojkovac.me\/wp-content\/uploads\/2011\/10\/Inostranstvo_2.pdf\"><span style=\"color: #000080;\">-Porez na nepokretnosti-zemlji\u0161te (inostranstvo-2) \u2013 preuzmite<\/span><\/a><\/p>\n<p><a href=\"https:\/\/novisajt.mojkovac.me\/wp-content\/uploads\/2011\/10\/Inostranstvo_3.pdf\"><span style=\"color: #000080;\">-Porez na nepokretnosti-zemlji\u0161te (inostranstvo-3) \u2013 preuzmite<\/span><\/a><\/p>\n<p><a href=\"https:\/\/novisajt.mojkovac.me\/wp-content\/uploads\/2011\/10\/Inostranstvo_4.pdf\"><span style=\"color: #000080;\">-Porez na nepokretnosti-zemlji\u0161te (inostranstvo-4) \u2013 preuzmite<\/span><\/a><\/p>\n<p><a href=\"https:\/\/novisajt.mojkovac.me\/wp-content\/uploads\/2011\/10\/Inostranstvo_5.pdf\"><span style=\"color: #000080;\">-Porez na nepokretnosti-zemlji\u0161te (inostranstvo-5) \u2013 preuzmite<\/span><\/a><\/p>\n<p><a href=\"https:\/\/novisajt.mojkovac.me\/wp-content\/uploads\/2011\/10\/Inostranstvo_6.pdf\"><span style=\"color: #000080;\">-Porez na nepokretnosti-zemlji\u0161te (inostranstvo-6) \u2013 preuzmite<\/span><\/a><\/p>\n<p><a href=\"https:\/\/novisajt.mojkovac.me\/wp-content\/uploads\/2011\/10\/Inostranstvo_7.pdf\"><span style=\"color: #000080;\">-Porez na nepokretnosti-zemlji\u0161te (inostranstvo-7) \u2013 preuzmite<\/span><\/a><\/p>\n<p><a href=\"https:\/\/novisajt.mojkovac.me\/wp-content\/uploads\/2011\/10\/Inostranstvo_8.pdf\"><span style=\"color: #000080;\">-Porez na nepokretnosti-zemlji\u0161te (inostranstvo-8) \u2013 preuzmite<\/span><\/a><\/p>\n<p><a href=\"https:\/\/novisajt.mojkovac.me\/wp-content\/uploads\/2011\/10\/Inostranstvo_9.pdf\"><span style=\"color: #000080;\">-Porez na nepokretnosti-zemlji\u0161te (inostranstvo-9) \u2013 preuzmite<\/span><\/a><\/p>\n<p><a href=\"https:\/\/novisajt.mojkovac.me\/wp-content\/uploads\/2011\/10\/Inostranstvo_10.pdf\"><span style=\"color: #000080;\">-Porez na nepokretnosti-zemlji\u0161te (inostranstvo-10) \u2013 preuzmite<\/span><\/a><\/p>\n<p><a href=\"https:\/\/novisajt.mojkovac.me\/wp-content\/uploads\/2011\/10\/Inostranstvo_11.pdf\"><span style=\"color: #000080;\">-Porez na nepokretnosti-zemlji\u0161te (inostranstvo-11) \u2013 preuzmite<\/span><\/a><\/p>\n<p><strong><span style=\"font-size: 12pt; color: #000080;\">__________________<\/span><\/strong><\/p>\n<p><strong><span style=\"font-size: 14pt; font-family: 'arial black', 'avant garde'; color: #ff0000;\">12.11.2021.<\/span><\/strong><\/p>\n<p><span style=\"font-size: 14pt; color: #ff0000;\"><a style=\"color: #ff0000;\" href=\"index.php?option=com_content&view=article&id=735:javna-rasprava-nacrt-odluke-o-budzetu-opstine-mojkovac-za-2022&catid=2:aktuelnosti\"><span style=\"font-family: 'arial black', 'avant garde';\">Javna rasprava Nacrt Odluke o Bud\u017eetu op\u0161tine Mojkovac za 2022.<\/span><\/a><\/span><\/p>\n<p><a style=\"background-color: inherit; font-family: inherit; font-size: 1rem;\" href=\"index.php?option=com_content&view=article&id=592:javni-poziv-dostavljanje-predloga-kandidata-za-opstinsku-nagradu&catid=2:aktuelnosti\"><strong><span style=\"font-size: 12pt;\">__________________<\/span><\/strong><\/a><\/p>\n<p><a href=\"https:\/\/novisajt.mojkovac.me\/wp-content\/uploads\/2013\/04\/Obavj-ish-jp-01-018-21-1239.pdf\"><span style=\"color: #800000;\"><strong><span style=\"font-size: 14pt;\"><span style=\"font-size: 12pt;\"><span style=\"font-size: 12pt;\"><span style=\"color: #800000;\"><strong>24.08.2021.<\/strong><\/span><\/span><\/span><\/span><\/strong><\/span><\/a><\/p>\n<p><a href=\"https:\/\/novisajt.mojkovac.me\/wp-content\/uploads\/2013\/04\/odl-rasp-sport-2021.pdf\"><span style=\"color: #800000;\"><strong><span style=\"color: #000080;\"><strong><span style=\"color: #800000;\">ODLUKA<\/span><\/strong><\/span><\/strong><\/span><\/a>\u00a0<a href=\"https:\/\/novisajt.mojkovac.me\/wp-content\/uploads\/2013\/04\/odl-rasp-sport-2021.pdf\"><span style=\"color: #800000;\"><strong><span style=\"color: #000080;\"><strong><span style=\"color: #800000;\"><span style=\"text-decoration: underline;\">o <span style=\"line-height: 14.3px;\">raspodjeli sredstava sportskim klubovima \u00a0za 2021. godinu.<\/span><\/span><\/span><\/strong><\/span><\/strong><\/span><\/a><\/p>\n<p><a style=\"background-color: inherit; font-family: inherit; font-size: 1rem;\" href=\"index.php?option=com_content&view=article&id=592:javni-poziv-dostavljanje-predloga-kandidata-za-opstinsku-nagradu&catid=2:aktuelnosti\"><strong><span style=\"font-size: 12pt;\">__________________<\/span><\/strong><\/a><\/p>\n<p><a href=\"https:\/\/novisajt.mojkovac.me\/wp-content\/uploads\/2013\/04\/Obavj-ish-jp-01-018-21-1239.pdf\"><span style=\"color: #800000;\"><strong><span style=\"font-size: 14pt;\"><span style=\"font-size: 12pt;\"><span style=\"font-size: 12pt;\"><span style=\"color: #800000;\"><strong>16.08.2021.<\/strong><\/span><\/span><\/span><\/span><\/strong><\/span><\/a><\/p>\n<p><span style=\"color: #800000;\"><strong><span style=\"font-size: 14pt;\"><span style=\"font-size: 12pt;\"><span style=\"font-size: 12pt;\"><span style=\"color: #800000;\"><a href=\"https:\/\/novisajt.mojkovac.me\/wp-content\/uploads\/2013\/04\/Obavj-ish-jp-01-018-21-1239.pdf\"><strong><span style=\"color: #800000;\">OBAVJE\u0160TENJE<\/span> <span style=\"color: #000080;\">Op\u0161tine Mojkovac o ishodu Javnog poziva za davanje u zakup zemlji\u0161ta broj 01-018\/21-1239 od 05.08.2021.<\/span><\/strong>\u00a0\u2013\u00a0<span style=\"color: #800000;\">PREUZMITE\u00a0 <\/span><\/a><\/span><\/span><\/span><\/span><\/strong><\/span><\/p>\n<p><a style=\"background-color: inherit; font-family: inherit; font-size: 1rem;\" href=\"index.php?option=com_content&view=article&id=592:javni-poziv-dostavljanje-predloga-kandidata-za-opstinsku-nagradu&catid=2:aktuelnosti\"><strong><span style=\"font-size: 12pt;\">__________________<\/span><\/strong><\/a><\/p>\n<p><a href=\"https:\/\/novisajt.mojkovac.me\/wp-content\/uploads\/2013\/04\/Poslovnik_o_radu_irija.pdf\"><span style=\"color: #800000;\"><strong><span style=\"font-size: 14pt;\"><span style=\"font-size: 12pt;\"><span style=\"font-size: 12pt;\"><span style=\"color: #800000;\"><strong>06.08.2021.<\/strong><\/span><\/span><\/span><\/span><\/strong><\/span><\/a><\/p>\n<p><a href=\"https:\/\/novisajt.mojkovac.me\/wp-content\/uploads\/2013\/04\/JAVNI_POZIV_8-21.pdf\"><strong><span style=\"font-size: 10pt; color: #003366;\">Op\u0161tina Mojkovac, upu\u0107uje<\/span><\/strong><\/a><\/p>\n<p><a href=\"https:\/\/novisajt.mojkovac.me\/wp-content\/uploads\/2013\/04\/JAVNI_POZIV_8-21.pdf\"><strong style=\"color: #003366; text-align: center; background-color: inherit; font-family: inherit; font-size: 1rem;\"><span style=\"font-size: 12pt;\">JAVNI POZIV<br><\/span><\/strong><span style=\"color: #003366;\"><strong><span style=\"font-size: 10pt;\">o davanju u zakup zemlji\u0161ta u vlasni\u0161tvu Op\u0161tine Mojkovac<br><\/span><\/strong><\/span><span style=\"color: #003366;\"><strong><span style=\"font-size: 10pt;\">na podru\u010dju predvi\u0111enom Odlukom o osnivanju Biznis zone\u00a0<\/span><\/strong><\/span><span style=\"color: #800000;\"><strong><span style=\"font-size: 10pt;\">za potrebe podsticanja investicija i otvaranja radnih mjesta<\/span><\/strong><\/span><\/a><\/p>\n<p><a href=\"https:\/\/novisajt.mojkovac.me\/wp-content\/uploads\/2013\/04\/JAVNI_POZIV_8-21.pdf\"><span style=\"color: #003366; background-color: inherit; font-family: inherit; font-size: 1rem;\">Detalje Javog poziva, olak\u0161ice, kriterijume, informacije o potrebnoj dokumentaciji i\u00a0 na\u010dinu konkurisanja preuzmite klikom na link:<\/span><\/a><\/p>\n<p><a href=\"https:\/\/novisajt.mojkovac.me\/wp-content\/uploads\/2013\/04\/JAVNI_POZIV_8-21.pdf\"><span style=\"color: #800000;\"><strong>JAVNI POZIV o davanju u zakup zemlji\u0161ta u vlasni\u0161tvu Op\u0161tine Mojkovac-biznis zona<\/strong><\/span><\/a><\/p>\n<p><a href=\"https:\/\/novisajt.mojkovac.me\/wp-content\/uploads\/2013\/04\/JAVNI_POZIV_8-21.pdf\"><span style=\"color: #800000;\">ROK <span style=\"color: #000080;\">za podno\u0161enje ponuda<\/span>: <strong>13.08.2021.\u00a0<\/strong><\/span><\/a><\/p>\n<p><\/p>\n<p><a style=\"background-color: inherit; font-family: inherit; font-size: 1rem;\" href=\"index.php?option=com_content&view=article&id=592:javni-poziv-dostavljanje-predloga-kandidata-za-opstinsku-nagradu&catid=2:aktuelnosti\"><strong><span style=\"font-size: 12pt;\">__________________<\/span><\/strong><\/a><\/p>\n<p><a href=\"https:\/\/novisajt.mojkovac.me\/wp-content\/uploads\/2013\/04\/Odluka_o_broju_nagrada_i_nagraenima.pdf\"><span style=\"color: #800000;\"><strong><span style=\"font-size: 14pt;\"><span style=\"font-size: 12pt;\"><span style=\"font-size: 12pt;\"><span style=\"color: #800000;\"><strong>06.08.2021.<br><\/strong><\/span>\u00a0<br><span style=\"color: #800000;\">Odluka o broju nagrada i nagra\u0111enim-op\u0161tinska nagrada<\/span><\/span><\/span><\/span><\/strong><\/span><\/a><\/p>\n<p><a style=\"background-color: inherit; font-family: inherit; font-size: 1rem;\" href=\"index.php?option=com_content&view=article&id=592:javni-poziv-dostavljanje-predloga-kandidata-za-opstinsku-nagradu&catid=2:aktuelnosti\"><strong><span style=\"font-size: 12pt;\">__________________<\/span><\/strong><\/a><\/p>\n<p><\/p>\n<p><a href=\"https:\/\/novisajt.mojkovac.me\/wp-content\/uploads\/2013\/04\/Poslovnik_o_radu_irija.pdf\"><span style=\"color: #800000;\"><strong><span style=\"font-size: 14pt;\"><span style=\"font-size: 12pt;\"><span style=\"font-size: 12pt;\"><span style=\"color: #800000;\"><strong>04.08.2021.<br><\/strong><\/span>\u00a0<br><span style=\"color: #000080;\">Poslovnik o radu \u017eirija za dodjelu op\u0161tinske nagrade<\/span><\/span><\/span><\/span><\/strong><\/span><\/a><\/p>\n<p><a href=\"index.php?option=com_content&view=article&id=592:javni-poziv-dostavljanje-predloga-kandidata-za-opstinsku-nagradu&catid=2:aktuelnosti\"><strong><span style=\"font-size: 12pt;\">__________________<\/span><\/strong><\/a><\/p>\n<p><span style=\"font-size: 12pt;\"><span style=\"color: #800000;\"><strong>15.07.2021.<br><\/strong><\/span><a href=\"https:\/\/novisajt.mojkovac.me\/wp-content\/uploads\/2013\/04\/Odluka_o_rangiranju_pristiglih_ponuda_5_jul_2021_god.pdf\">\u00a0<br><\/a><a style=\"color: #000080;\" href=\"https:\/\/novisajt.mojkovac.me\/wp-content\/uploads\/2013\/04\/odluka-raspodjela-podrska-zensko-preduzetnistvo.pdf\">Komisija za raspodjelu sredstava za podr\u0161ku \u017eenskom preduzetni\u0161tvu objavljuje<\/a>\u00a0<a style=\"color: #000080;\" href=\"https:\/\/novisajt.mojkovac.me\/wp-content\/uploads\/2013\/04\/odluka-raspodjela-podrska-zensko-preduzetnistvo.pdf\">ODLUKU\u00a0<\/a><\/span><span style=\"color: #000080;\"><a style=\"color: #000080;\" href=\"https:\/\/novisajt.mojkovac.me\/wp-content\/uploads\/2013\/04\/odluka-raspodjela-podrska-zensko-preduzetnistvo.pdf\">o raspodjeli sredstava za podr\u0161ku \u017eenskom preduzetni\u0161tvu za 2021.<\/a><\/span><\/p>\n<p><a href=\"index.php?option=com_content&view=article&id=592:javni-poziv-dostavljanje-predloga-kandidata-za-opstinsku-nagradu&catid=2:aktuelnosti\"><strong><span style=\"font-size: 12pt;\">__________________<\/span><\/strong><\/a><\/p>\n<p><span style=\"color: #ff0000; font-size: 12pt;\"><a style=\"color: #ff0000;\" href=\"index.php?option=com_content&view=article&id=592:javni-poziv-dostavljanje-predloga-kandidata-za-opstinsku-nagradu&catid=2:aktuelnosti\"><strong>15.07.2021.<\/strong><\/a><\/span><\/p>\n<p><span style=\"color: #ff0000;\"><a style=\"color: #ff0000;\" href=\"index.php?option=com_content&view=article&id=592:javni-poziv-dostavljanje-predloga-kandidata-za-opstinsku-nagradu&catid=2:aktuelnosti\"><strong><span style=\"font-size: 12pt;\">Javni poziv za dostavljanje predloga kandidata za op\u0161tinsku nagradu<\/span><\/strong><\/a><\/span><\/p>\n<p><a href=\"index.php?option=com_content&view=article&id=592:javni-poziv-dostavljanje-predloga-kandidata-za-opstinsku-nagradu&catid=2:aktuelnosti\"><strong><span style=\"font-size: 12pt;\">__________________<\/span><\/strong><\/a><\/p>\n<p><\/p>\n<p><a href=\"https:\/\/novisajt.mojkovac.me\/wp-content\/uploads\/2013\/04\/Odluka_o_rangiranju_pristiglih_ponuda_5_jul_2021_god.pdf\"><strong><span style=\"font-size: 12pt;\">05.07.2021.\u00a0\u00a0<\/span><\/strong><\/a><\/p>\n<p><a href=\"https:\/\/novisajt.mojkovac.me\/wp-content\/uploads\/2013\/04\/Odluka_o_rangiranju_pristiglih_ponuda_5_jul_2021_god.pdf\"><strong><span style=\"font-size: 12pt;\">Odluka o rangiranju prispjelih ponuda vezano za Javni poziv o prikupljanju ponuda za prodaju nepokretnosti u KO Podbi\u0161\u0107e\u00a0<\/span><\/strong><\/a><\/p>\n<p><a href=\"https:\/\/novisajt.mojkovac.me\/wp-content\/uploads\/2013\/04\/Odluka_o_rangiranju_pristiglih_ponuda_5_jul_2021_god.pdf\"><strong><span style=\"font-size: 12pt;\">__________________<\/span><\/strong><\/a><\/p>\n<p><strong style=\"background-color: inherit; color: inherit; font-family: inherit; font-size: 1rem;\"><span style=\"font-size: 14pt; color: #000080;\"><a style=\"color: #000080;\" href=\"index.php?option=com_content&view=article&id=727:javna-rasprava-nacrt-odluke-o-naknadama-za-koriscenje-opstinskih-puteva-opstine-mojkovac&catid=2\">17.06.2021.\u00a0<\/a><\/span><\/strong><\/p>\n<p><strong><span style=\"font-size: 14pt; color: #000080;\"><a style=\"color: #000080;\" href=\"index.php?option=com_content&view=article&id=727:javna-rasprava-nacrt-odluke-o-naknadama-za-koriscenje-opstinskih-puteva-opstine-mojkovac&catid=2\">JAVNA RASPRAVA-Nacrt Odluke o naknadama za kori\u0161\u0107enje op\u0161tinskih puteva Op\u0161tine Mojkovac<\/a><\/span><\/strong><\/p>\n<p><img loading=\"lazy\" decoding=\"async\" class=\" size-full wp-image-375\" style=\"font-family: 'Helvetica Neue', Helvetica, Arial, sans-serif; font-size: 13px; line-height: 14.3px; text-align: center;\" src=\"https:\/\/novisajt.mojkovac.me\/wp-content\/uploads\/2011\/10\/shadow.jpg\" alt=\"shadow\" width=\"162\" height=\"4\"><\/p>\n<p><a style=\"background-color: inherit; font-family: inherit; font-size: 18.6667px;\" href=\"index.php?option=com_content&view=article&id=725:javni-poziv-za-prikupljanje-ponuda-za-prodaju-nepokretnosti-ko-podbisce&catid=2\"><strong>17.06.2021.<\/strong>\u00a0<\/a><\/p>\n<p><span style=\"color: #000080;\"><strong><span style=\"font-size: 12pt;\">XIX Sjednica SO Mojkovac \u0107e se odr\u017eati dana\u00a025. juna 2021. godine (petak),\u00a0sa po\u010detkom\u00a0u 10 \u010dasova u\u00a0 Multimedijalnoj sali Op\u0161tine Mojkovac.<\/span><\/strong><\/span><\/p>\n<p><img loading=\"lazy\" decoding=\"async\" class=\" size-full wp-image-375\" style=\"font-family: 'Helvetica Neue', Helvetica, Arial, sans-serif; font-size: 13px; line-height: 14.3px; text-align: center;\" src=\"https:\/\/novisajt.mojkovac.me\/wp-content\/uploads\/2011\/10\/shadow.jpg\" alt=\"shadow\" width=\"162\" height=\"4\"><\/p>\n<p><a style=\"font-size: 14pt; background-color: inherit; font-family: inherit;\" href=\"index.php?option=com_content&view=article&id=725:javni-poziv-za-prikupljanje-ponuda-za-prodaju-nepokretnosti-ko-podbisce&catid=2\"><strong>02.06.2021.<\/strong>\u00a0<\/a><\/p>\n<p><span style=\"font-size: 14pt;\"><a href=\"index.php?option=com_content&view=article&id=725:javni-poziv-za-prikupljanje-ponuda-za-prodaju-nepokretnosti-ko-podbisce&catid=2\">Javni poziv za prikupljanje ponuda za prodaju nepokretnosti KO Podbi\u0161\u0107e<\/a><\/span><\/p>\n<p><img loading=\"lazy\" decoding=\"async\" class=\" size-full wp-image-375\" style=\"font-family: 'Helvetica Neue', Helvetica, Arial, sans-serif; font-size: 13px; line-height: 14.3px; text-align: center;\" src=\"https:\/\/novisajt.mojkovac.me\/wp-content\/uploads\/2011\/10\/shadow.jpg\" alt=\"shadow\" width=\"162\" height=\"4\"><\/p>\n<p><a href=\"index.php?option=com_content&view=article&id=723:javni-poziv-davanje-u-zakup-zemljista-biznis-zona-babica-polje&catid=2\"><span style=\"font-size: 14pt;\"><strong>11.05.2021.<\/strong><\/span>\u00a0<\/a><\/p>\n<p><a href=\"https:\/\/novisajt.mojkovac.me\/wp-content\/uploads\/2013\/04\/Program_podsticajnih_mjera_za_2021_godinu.pdf\"><span style=\"font-size: 8pt; color: #000080;\"><span style=\"font-size: 10pt;\"><strong><span style=\"line-height: 1.3em;\">Program podsticajnih mjera razvoja poljoprivrede na teritoriji Op\u0161tine Mojkovac za\u00a02021. <\/span>(pdf)<\/strong><\/span><\/span>\u00a0<\/a><\/p>\n<p><img loading=\"lazy\" decoding=\"async\" class=\" size-full wp-image-375\" style=\"font-family: 'Helvetica Neue', Helvetica, Arial, sans-serif; font-size: 13px; line-height: 14.3px; text-align: center;\" src=\"https:\/\/novisajt.mojkovac.me\/wp-content\/uploads\/2011\/10\/shadow.jpg\" alt=\"shadow\" width=\"162\" height=\"4\"><\/p>\n<p><a href=\"index.php?option=com_content&view=article&id=723:javni-poziv-davanje-u-zakup-zemljista-biznis-zona-babica-polje&catid=2\"><span style=\"font-size: 14pt;\"><strong>05.05.2021.<\/strong><\/span>\u00a0<\/a><\/p>\n<p><a href=\"https:\/\/novisajt.mojkovac.me\/wp-content\/uploads\/2013\/04\/Obavjes-ishod-01-018-21-687.pdf\"><span style=\"font-size: 12pt;\">Obavje\u0161tenje-ishod Javnog poziva br 01-018\/21-687 od 21.04.2021. za davanje u zakup zemlji\u0161ta\u00a0\u00a0u vlasni\u0161tvu Op\u0161tine Mojkovac<br>na podru\u010dju predvi\u0111enom Odlukom o osnivanju Biznis zone\u00a0za potrebe podsticanja investicija i otvaranja radnih mjesta<\/span><\/a>\u00a0<br><img loading=\"lazy\" decoding=\"async\" class=\" size-full wp-image-375\" style=\"font-family: 'Helvetica Neue', Helvetica, Arial, sans-serif; font-size: 13px; line-height: 14.3px; text-align: center;\" src=\"https:\/\/novisajt.mojkovac.me\/wp-content\/uploads\/2011\/10\/shadow.jpg\" alt=\"shadow\" width=\"162\" height=\"4\"><\/p>\n<p>\u00a0<a href=\"index.php?option=com_content&view=article&id=723:javni-poziv-davanje-u-zakup-zemljista-biznis-zona-babica-polje&catid=2\"><span style=\"font-size: 14pt;\"><strong>22.04.2021.<\/strong><\/span>\u00a0<\/a><\/p>\n<p><a href=\"index.php?option=com_content&view=article&id=723:javni-poziv-davanje-u-zakup-zemljista-biznis-zona-babica-polje&catid=2\"><strong style=\"color: #003366; text-align: center; background-color: inherit; font-family: inherit; font-size: 1rem;\"><span style=\"font-size: 12pt;\">JAVNI POZIV<br><\/span><\/strong><span style=\"color: #003366;\"><strong><span style=\"font-size: 10pt;\">o davanju u zakup zemlji\u0161ta u vlasni\u0161tvu Op\u0161tine Mojkovac<br><\/span><\/strong><\/span><span style=\"color: #003366;\"><strong><span style=\"font-size: 10pt;\">na podru\u010dju predvi\u0111enom Odlukom o osnivanju Biznis zone\u00a0<\/span><\/strong><\/span><span style=\"color: #800000;\"><strong><span style=\"font-size: 10pt;\">za potrebe podsticanja investicija i otvaranja radnih mjesta<\/span><\/strong><\/span><\/a><\/p>\n<p><span style=\"color: #000080;\"><a style=\"color: #000080;\" href=\"index.php?option=com_content&view=article&id=722:javni-poziv-raspodjela-sredstava-za-podrsku-zenkom-preduzetnistvu-u-2021-godini&catid=2:aktuelnosti\"><span style=\"font-size: 14pt;\"><strong><span style=\"font-size: 10pt;\"><img loading=\"lazy\" decoding=\"async\" class=\" size-full wp-image-375\" style=\"font-family: 'Helvetica Neue', Helvetica, Arial, sans-serif; font-size: 13px; line-height: 14.3px; text-align: center;\" src=\"https:\/\/novisajt.mojkovac.me\/wp-content\/uploads\/2011\/10\/shadow.jpg\" alt=\"shadow\" width=\"162\" height=\"4\"><\/span><\/strong><\/span><\/a><\/span><\/p>\n<p><span style=\"color: #000080;\"><a style=\"color: #000080;\" href=\"index.php?option=com_content&view=article&id=722:javni-poziv-raspodjela-sredstava-za-podrsku-zenkom-preduzetnistvu-u-2021-godini&catid=2:aktuelnosti\"><span style=\"font-size: 14pt;\"><strong>20.04.2021.<\/strong><\/span>\u00a0<\/a><\/span><\/p>\n<p><span style=\"color: #000080;\"><a style=\"color: #000080;\" href=\"index.php?option=com_content&view=article&id=722:javni-poziv-raspodjela-sredstava-za-podrsku-zenkom-preduzetnistvu-u-2021-godini&catid=2:aktuelnosti\">JAVNI POZIV-Raspodjela sredstava za podr\u0161ku \u017eenkom preduzetni\u0161tvu u 2021. godini\u00a0\u00a0<\/a><\/span><\/p>\n<p><span style=\"color: #800000; font-size: 10pt;\"><strong><span style=\"font-size: 10pt;\"><img loading=\"lazy\" decoding=\"async\" class=\" size-full wp-image-375\" style=\"font-family: 'Helvetica Neue', Helvetica, Arial, sans-serif; font-size: 13px; line-height: 14.3px; text-align: center;\" src=\"https:\/\/novisajt.mojkovac.me\/wp-content\/uploads\/2011\/10\/shadow.jpg\" alt=\"shadow\" width=\"162\" height=\"4\"><\/span><\/strong><\/span><\/p>\n<p><span style=\"color: #800000; font-size: 10pt;\"><strong>22.03.2021.<\/strong><\/span><\/p>\n<p><span style=\"font-size: 10pt;\"><strong><a href=\"index.php?option=com_content&view=article&id=719:22-mart-dan-zalosti-u-znak-sjecanja-na-preminule-od-posljedica-korona-virusa&catid=2\">22. mart Dan \u017ealosti u znak sje\u0107anja na preminule od posljedica Korona virusa\u00a0<\/a><\/strong><\/span><\/p>\n<p><span style=\"font-size: 10pt;\"><img loading=\"lazy\" decoding=\"async\" class=\" size-full wp-image-375\" style=\"font-family: 'Helvetica Neue', Helvetica, Arial, sans-serif; font-size: 13px; line-height: 14.3px; text-align: center;\" src=\"https:\/\/novisajt.mojkovac.me\/wp-content\/uploads\/2011\/10\/shadow.jpg\" alt=\"shadow\" width=\"162\" height=\"4\"><\/span><\/p>\n<p><span style=\"font-size: 10pt;\">\u00a0<\/span><span style=\"color: #800000; font-size: 10pt;\"><strong>11.03.2021.<\/strong><\/span><\/p>\n<p><span style=\"font-size: 12pt;\"><span style=\"color: #000080;\"><a href=\"https:\/\/novisajt.mojkovac.me\/wp-content\/uploads\/2013\/04\/Obavje%C5%A1tenje_ishod_jp_Biznis_Zona.pdf\">Obavje\u0161tenje o ishodu Javnog poziva\u00a0o davanju u zakup zemlji\u0161ta u vlasni\u0161tvu Op\u0161tine Mojkovac<br>na podru\u010dju predvi\u0111enom Odlukom o osnivanju Biznis zone\u00a0za potrebe podsticanja investicija i otvaranja radnih mjesta<\/a><\/span><\/span><\/p>\n<p><img loading=\"lazy\" decoding=\"async\" class=\" size-full wp-image-375\" style=\"font-family: 'Helvetica Neue', Helvetica, Arial, sans-serif; font-size: 13px; line-height: 14.3px; text-align: center;\" src=\"https:\/\/novisajt.mojkovac.me\/wp-content\/uploads\/2011\/10\/shadow.jpg\" alt=\"shadow\" width=\"162\" height=\"4\"><\/p>\n<p>\u00a0<span style=\"font-size: 10pt;\"><span style=\"color: #800000;\"><strong>09.03.2021.<\/strong><\/span><\/span><\/p>\n<p><span style=\"color: #000080; font-size: 10pt;\"><a style=\"color: #000080;\" href=\"index.php?option=com_content&view=article&id=713:javni-konkurs-sufinansiranje-programa-sportskih-klubova-2021&catid=2:aktuelnosti\">Javni konkurs-sufinansiranje programa sportskih klubova 2021.<\/a><\/span><\/p>\n<p><span style=\"font-size: 10pt;\"><span style=\"color: #000080;\"><img loading=\"lazy\" decoding=\"async\" class=\" size-full wp-image-375\" style=\"font-family: 'Helvetica Neue', Helvetica, Arial, sans-serif; font-size: 13px; line-height: 14.3px; text-align: center;\" src=\"https:\/\/novisajt.mojkovac.me\/wp-content\/uploads\/2011\/10\/shadow.jpg\" alt=\"shadow\" width=\"162\" height=\"4\"><\/span><\/span><\/p>\n<p><span style=\"font-size: 10pt;\"><span style=\"color: #800000;\"><a href=\"index.php?option=com_content&view=article&id=710:rang-lista-stipendija-za-skolsku-2020-2021&catid=2:aktuelnosti\"><span style=\"color: #800000;\">25.02.2021.<\/span><\/a><br><a href=\"index.php?option=com_content&view=article&id=710:rang-lista-stipendija-za-skolsku-2020-2021&catid=2:aktuelnosti\"><span style=\"color: #800000;\"><strong style=\"color: #800000;\">Rang lista stipendiranje studenata za \u0161kolsku 20\/21. godinu<\/strong><span style=\"color: #800000;\">.<\/span><\/span><\/a><br><span style=\"color: #000080;\"><img loading=\"lazy\" decoding=\"async\" class=\" size-full wp-image-375\" style=\"font-family: 'Helvetica Neue', Helvetica, Arial, sans-serif; font-size: 13px; line-height: 14.3px; text-align: center;\" src=\"https:\/\/novisajt.mojkovac.me\/wp-content\/uploads\/2011\/10\/shadow.jpg\" alt=\"shadow\" width=\"162\" height=\"4\"><\/span><\/span>\u00a0<\/span><\/p>\n<p><span style=\"font-size: 10pt;\"><span style=\"color: #800000;\"><a href=\"aktuelnosti\/konkurs-za-stipendiranje-studenata-kinja-za-skolsku-20-21\"><span style=\"color: #800000;\">21.01.2021.<\/span><\/a><br><a href=\"aktuelnosti\/konkurs-za-stipendiranje-studenata-kinja-za-skolsku-20-21\"><span style=\"color: #800000;\"><strong>K<\/strong><strong style=\"color: #800000;\">onkurs\u00a0 stipendiranje studenata za \u0161kolsku 20\/21. godinu<\/strong><span style=\"color: #800000;\">.<\/span><\/span><\/a><br><span style=\"color: #000080;\"><img loading=\"lazy\" decoding=\"async\" class=\" size-full wp-image-375\" style=\"font-family: 'Helvetica Neue', Helvetica, Arial, sans-serif; font-size: 13px; line-height: 14.3px; text-align: center;\" src=\"https:\/\/novisajt.mojkovac.me\/wp-content\/uploads\/2011\/10\/shadow.jpg\" alt=\"shadow\" width=\"162\" height=\"4\"><\/span><\/span>\u00a0<\/span><\/p>\n<p><span style=\"font-size: 10pt;\"><strong><span style=\"color: #800000;\"><br><span style=\"color: #800000;\">25.12.2020.<\/span><br><span style=\"color: #800000;\"><a style=\"color: #800000;\" href=\"https:\/\/novisajt.mojkovac.me\/wp-content\/uploads\/2013\/04\/odl-rasp-sr-nvo-2020.pdf\"><strong>Odluku o raspodjeli sredstava NVO za 2020. godinu<\/strong>.<\/a><\/span><br><span style=\"color: #000080;\"><img loading=\"lazy\" decoding=\"async\" class=\" size-full wp-image-375\" style=\"font-family: 'Helvetica Neue', Helvetica, Arial, sans-serif; font-size: 13px; line-height: 14.3px; text-align: center;\" src=\"https:\/\/novisajt.mojkovac.me\/wp-content\/uploads\/2011\/10\/shadow.jpg\" alt=\"shadow\" width=\"162\" height=\"4\"><\/span><\/span><\/strong><\/span><\/p>\n<p><strong>27.10.2020.<\/strong><\/p>\n<p><span style=\"font-size: 10pt;\"><strong><span style=\"color: #800000;\"><a style=\"color: #800000;\" href=\"index.php?option=com_content&view=article&id=699:javna-rasprava-nacrt-odluke-o-izmjenama-i-dopunama-odluke-o-budzetu-2020&catid=2:aktuelnosti\">Javna rasprava Nacrt Odluke o izmjenama i dopunama Odluke Bud\u017eetu Op\u0161tine Mojkovac za 2020.\u00a0<\/a><\/span><\/strong><\/span><\/p>\n<p><span style=\"color: #000080; font-size: 10pt;\"><img loading=\"lazy\" decoding=\"async\" class=\" size-full wp-image-375\" style=\"font-family: 'Helvetica Neue', Helvetica, Arial, sans-serif; font-size: 13px; line-height: 14.3px; text-align: center;\" src=\"https:\/\/novisajt.mojkovac.me\/wp-content\/uploads\/2011\/10\/shadow.jpg\" alt=\"shadow\" width=\"162\" height=\"4\"><\/span><\/p>\n<p><span style=\"color: #000080; font-size: 10pt;\"><strong><span style=\"color: #ff0000;\">23.09.2020.<\/span><\/strong><br><strong><span style=\"color: #ff0000;\"><a style=\"color: #ff0000;\" href=\"https:\/\/novisajt.mojkovac.me\/wp-content\/uploads\/2013\/04\/ispravka-konkursa-nvo-2020.pdf\">ISPRAVKA KONKURSA ZA RASPODJELU SREDSTAVA NVO<\/a><\/span><\/strong><br><\/span><\/p>\n<p><span style=\"color: #800080; font-size: 10pt;\"><strong><a style=\"color: #800080;\" href=\"https:\/\/novisajt.mojkovac.me\/wp-content\/uploads\/2013\/04\/lista-kand-preds-nvo.pdf\"><strong>15.09.2020.<br>KONKURS ZA RASPODJELU SREDSTAVA NVO 2020.<\/strong><\/a><\/strong><\/span><\/p>\n<p><strong><a style=\"color: #800080;\" href=\"https:\/\/novisajt.mojkovac.me\/wp-content\/uploads\/2013\/04\/lista-kand-preds-nvo.pdf\">04.09.2020.<\/a><\/strong><br><span style=\"color: #800080; font-size: 10pt;\"><strong><a style=\"color: #800080;\" href=\"https:\/\/novisajt.mojkovac.me\/wp-content\/uploads\/2013\/04\/lista-kand-preds-nvo.pdf\">Lista kandidata za predstavnike NVO u Komisiji za raspodjelu sredstava NVO<\/a><\/strong><\/span><\/p>\n<p><span style=\"color: #000080;\"><strong><span style=\"font-size: 10pt;\"><a style=\"color: #000080;\" href=\"objave-za-javnost\/49-uncategorised\/693-knjizevna-nagrada-bozo-bulatovic\">27.08.2020.<br><\/a><\/span><\/strong><strong><span style=\"font-size: 10pt;\"><a style=\"color: #000080;\" href=\"objave-za-javnost\/49-uncategorised\/693-knjizevna-nagrada-bozo-bulatovic\">Knji\u017eevna nagrada \u201cBo\u017eo Bulatovi\u0107\u201d<\/a><\/span><\/strong><\/span><\/p>\n<p><strong style=\"color: #008080; font-size: 14pt; background-color: inherit; font-family: inherit;\">21.07.2020.<\/strong><\/p>\n<p><span style=\"color: #000080; font-size: 10pt;\"><strong>IZLAGANJE KONKURSNIH RADOVA \u2013 Konkurs za idejno rje\u0161enje UP 73 Izmjene i dopune <\/strong><\/span><\/p>\n<p><span style=\"font-size: 10pt;\"><strong>DUP-a \u201cCentar sa Gornjim Mojkovcem\u201d<\/strong><\/span><\/p>\n<p><span style=\"color: #003366; font-size: 10pt;\">U skladu sa \u010dl. 46\u00a0 Pravilnika o na\u010dinu i postupku sprovo\u0111enja javnog konkursa (\u201cSl. list CG\u201d, br. 055\/13, 038\/14, 036\/16 i 045\/16) izla\u017eu se na javni uvid konkursni radovi pristigli na Konkursu za \u00a0izradu Idejnog arhitektonsko-urbanisti\u010dkog\u00a0 rje\u0161enja za lokaciju\u00a0 mje\u0161ovite namjene UP73 Izmjena i dopuna DUP-a \u201cCentar sa Gornjim Mojkovcem\u201d u Mojkovcu.<\/span><\/p>\n<p><span style=\"color: #003366; font-size: 10pt;\">Na arhivi Op\u0161tine Mojkovac dostavljena su tri rada. Svi dostavljeni radovi su zadovoljili uslove propisane Raspisom konkursa.<\/span><\/p>\n<p><span style=\"color: #003366; font-size: 10pt;\">Radovi pristigli na konkursu se izla\u017eu u nastavku:<\/span><\/p>\n<p><span style=\"color: #003366; font-size: 10pt;\">1. rad pod sifrom <span style=\"color: #800080;\"><a style=\"color: #800080;\" href=\"https:\/\/novisajt.mojkovac.me\/wp-content\/uploads\/2011\/10\/Poda950.pdf\"><strong>PODA 950<\/strong><\/a><\/span> \u2013 druga nagrada<\/span><br><span style=\"color: #003366; font-size: 10pt;\">\u00a0 \u00a0 autorski tim: Urban studio doo Podgorica<\/span><\/p>\n<p><span style=\"color: #003366; font-size: 10pt;\">2. rad pod sifrom <span style=\"color: #800080;\"><a style=\"color: #800080;\" href=\"https:\/\/novisajt.mojkovac.me\/wp-content\/uploads\/2011\/10\/OMOT.pdf\"><strong>O.M.O.T.<\/strong><\/a><\/span>\u2013 druga\u00a0 nagrada<\/span><br><span style=\"color: #003366; font-size: 10pt;\">\u00a0 \u00a0 autorski tim: Arhitektonski atelje doo Podgorica<\/span><\/p>\n<p><span style=\"color: #003366; font-size: 10pt;\">3. rad pod sifrom <span style=\"color: #800080;\"><a style=\"color: #800080;\" href=\"https:\/\/novisajt.mojkovac.me\/wp-content\/uploads\/2011\/10\/Estocolmo.pdf\"><strong>ESTOCOLMO<\/strong><\/a><\/span>\u2013 tre\u0107a nagrada<\/span><br><span style=\"color: #003366; font-size: 10pt;\">\u00a0 \u00a0 autorski tim: CAU \u2013 Centar za arhitekturu i urbanizam doo Podgorica<\/span><\/p>\n<p><span style=\"font-size: 10pt;\">\u00a0<\/span><\/p>\n<p><span style=\"color: #000080; font-size: 10pt;\"><strong><a style=\"color: #000080;\" href=\"aktuelnosti\/javni-poziv-ministarstva-sporta-za-angazovanje-lica\"><span style=\"color: #800000;\">02.06.2020.<\/span><br><\/a><\/strong><\/span><br><span style=\"color: #000080; font-size: 10pt;\"><strong><a href=\"aktuelnosti\/javni-poziv-ministarstva-sporta-za-angazovanje-lica\"><span style=\"color: #000080;\">JAVNI POZIV Ministarstva sporta i mladih o anga\u017eovanju lica za\u00a0obavljanje administrativno-tehni\u010dkih poslova potrebnih za redovno funkcionisanje omladinskog servisa u Mojkovcu<\/span><br><\/a><\/strong><\/span><\/p>\n<p style=\"color: #000080;\"><span style=\"font-size: 10pt;\"><strong><strong><a style=\"color: #000080;\" href=\"aktuelnosti\/rang-lista-stipendija-za-skolsku-2019-2020\"><strong style=\"color: #000080;\"><strong><strong><strong><strong style=\"color: #000080; background-color: inherit; font-family: inherit; font-size: 1rem;\"><strong><span style=\"background-color: inherit; font-family: inherit;\"><span style=\"background-color: inherit; font-family: inherit;\">____________________________<\/span>\u00a0<\/span><\/strong><\/strong><\/strong><\/strong><\/strong><\/strong><\/a><\/strong><\/strong><\/span><\/p>\n<p><span style=\"font-size: 10pt;\">\u00a0<strong style=\"background-color: inherit; font-family: inherit; font-size: 1rem;\"><strong style=\"background-color: inherit; font-family: inherit; font-size: 1rem;\"><strong style=\"background-color: inherit; font-family: inherit; font-size: 1rem;\"><strong style=\"background-color: inherit; font-family: inherit; font-size: 1rem;\"><strong style=\"background-color: inherit; font-family: inherit; font-size: 1rem;\"><strong><strong><strong><strong><span style=\"background-color: inherit; font-family: inherit;\"><span style=\"color: #800000;\"><strong>31.05.2020.<\/strong><\/span><\/span><\/strong><\/strong><\/strong><\/strong><\/strong><\/strong><\/strong><\/strong><\/strong><\/span><\/p>\n<p><span style=\"font-size: 10pt;\"><a href=\"aktuelnosti\/javni-poziv-ministarstva-sporta-za-angazovanje-lica\"><span style=\"color: #000080;\">Ambasadorka Rajnke sa svojim timom i predsjednikom Op\u0161tine Mojkovac Rankom Mi\u0161ni\u0107em\u00a0 posjetila je Podbi\u0161\u0107e i porodicu Tomovi\u0107, \u010dije doma\u0107instvo je jedno od korisnika projekta distribucije sjemena. Kroz ovaj projekat, 68 doma\u0107instava, koja su uklju\u010dena u ruralni turizam, dobilo je sjemena i sadni materijal, sa ciljem obezbjedjivanja hrane za njih i \u010dlanove njihovih zajednica, u cilju podr\u0161ke oporavka od krize izazavane pandemijom COVID 19.<\/span><\/a><\/span><\/p>\n<p><span style=\"font-size: 10pt;\">\u00a0<\/span><\/p>\n<p><span style=\"color: #000080; font-size: 10pt;\">Projekat je finansirala neprofitna organizacija Spirit of America, a sprovode ga Regionalna razvojna agencija za Bjelasicu, Komove i Prokletije i NVO Paradigma.<br><img loading=\"lazy\" decoding=\"async\" class=\" size-full wp-image-357\" src=\"https:\/\/novisajt.mojkovac.me\/wp-content\/uploads\/2011\/10\/17a.jpg\" alt=\"17a\" width=\"247\" height=\"165\">\u00a0\u00a0<img loading=\"lazy\" decoding=\"async\" class=\" size-full wp-image-358\" src=\"https:\/\/novisajt.mojkovac.me\/wp-content\/uploads\/2011\/10\/18a.jpg\" alt=\"18a\" width=\"205\" height=\"161\">\u00a0 \u00a0<img loading=\"lazy\" decoding=\"async\" class=\" size-full wp-image-359\" src=\"https:\/\/novisajt.mojkovac.me\/wp-content\/uploads\/2011\/10\/19a.jpg\" alt=\"19a\" width=\"231\" height=\"154\"><br><\/span><\/p>\n<p><span style=\"color: #000080; font-size: 10pt;\"><strong><span style=\"color: #000080;\"><a style=\"color: #000080;\" href=\"aktuelnosti\/rang-lista-stipendija-za-skolsku-2019-2020\"><strong style=\"color: #000080;\"><strong><strong><strong><strong style=\"color: #000080; background-color: inherit; font-family: inherit; font-size: 1rem;\"><strong><span style=\"background-color: inherit; font-family: inherit;\"><span style=\"background-color: inherit; font-family: inherit;\">____________________________<\/span>\u00a0<\/span><\/strong><\/strong><\/strong><\/strong><\/strong><\/strong><\/a><\/span><\/strong><\/span><\/p>\n<p style=\"color: #000080;\"><span style=\"font-size: 10pt;\"><strong style=\"background-color: inherit; font-family: inherit; font-size: 1rem;\"><strong style=\"background-color: inherit; font-family: inherit; font-size: 1rem;\"><strong style=\"background-color: inherit; font-family: inherit; font-size: 1rem;\"><strong style=\"background-color: inherit; font-family: inherit; font-size: 1rem;\"><strong style=\"background-color: inherit; font-family: inherit; font-size: 1rem;\"><a style=\"color: #000080;\" href=\"aktuelnosti\/rang-lista-stipendija-za-skolsku-2019-2020\"><strong><strong><strong><strong><span style=\"background-color: inherit; font-family: inherit;\"><span style=\"color: #800000;\"><strong>28.05.2020<\/strong><\/span><\/span><\/strong><\/strong><\/strong><\/strong><\/a><\/strong><\/strong><\/strong><\/strong><\/strong><strong style=\"background-color: inherit; color: inherit; font-family: inherit; font-size: 1rem;\"><strong><strong><a style=\"color: #000080;\" href=\"aktuelnosti\/rang-lista-stipendija-za-skolsku-2019-2020\">.<\/a><\/strong><\/strong><\/strong><\/span><\/p>\n<p><span style=\"font-size: 10pt;\"><a style=\"color: #000080;\" href=\"aktuelnosti\/rang-lista-stipendija-za-skolsku-2019-2020\">Danas je u Op\u0161tini Mojkovac u zvani\u010dnoj posjeti boravio Ambasador Republike \u010ce\u0161ke u Crnoj Gori NJ.E. Karel Urban sa asistentom g. Miroslavom Ma\u0161kovi\u0107em.<\/a><\/span><\/p>\n<p><span style=\"font-size: 10pt;\"><a style=\"color: #000080;\" href=\"aktuelnosti\/rang-lista-stipendija-za-skolsku-2019-2020\">Ambasadora je primio predsjednik Op\u0161tine g. Ranko Mi\u0161ni\u0107. Tokom sastanka predstavljeni su strate\u0161ki pravci razvoja op\u0161tine, potencijali, projekti i aktivnosti koji se trenutno realizuju.<\/a><\/span><\/p>\n<p><span style=\"font-size: 10pt;\"><a style=\"color: #000080;\" href=\"aktuelnosti\/rang-lista-stipendija-za-skolsku-2019-2020\">Fokus je bio na raz<\/a><a style=\"color: #000080;\" href=\"aktuelnosti\/rang-lista-stipendija-za-skolsku-2019-2020\">matranju mogu\u0107nosti ekonomske saradnje kroz privla\u010denje \u010de\u0161kih investitora sa ciljem ja\u010danja razvoja lokalne privrede.<br><img loading=\"lazy\" decoding=\"async\" class=\" size-full wp-image-360 size-full wp-image-361\" src=\"https:\/\/novisajt.mojkovac.me\/wp-content\/uploads\/2011\/10\/15b.jpg\" alt=\"15b\" width=\"286\" height=\"161\">\u00a0\u00a0<img loading=\"lazy\" decoding=\"async\" src=\"https:\/\/novisajt.mojkovac.me\/wp-content\/uploads\/2011\/10\/16a.jpg\" alt=\"16a\" width=\"292\" height=\"164\"><br><\/a><\/span><\/p>\n<p><span style=\"font-size: 10pt;\"><strong><strong><strong><a style=\"color: #000080;\" href=\"aktuelnosti\/rang-lista-stipendija-za-skolsku-2019-2020\"><strong style=\"color: #000080; background-color: inherit; font-family: inherit; font-size: 1rem;\"><strong><span style=\"background-color: inherit; font-family: inherit;\"><span style=\"background-color: inherit; font-family: inherit;\">____________________________<\/span>\u00a0<\/span><\/strong><\/strong><\/a><\/strong><\/strong><\/strong><\/span><\/p>\n<p><span style=\"font-size: 10pt;\"><strong style=\"background-color: inherit; color: inherit; font-family: inherit; font-size: 1rem;\"><strong><span style=\"color: #000080;\"><strong><strong><span style=\"background-color: inherit; font-family: inherit;\"><span style=\"color: #800000;\"><strong>25.05.2020<a style=\"color: #000080;\" href=\"aktuelnosti\/rang-lista-stipendija-za-skolsku-2019-2020\">.<\/a><\/strong><\/span><\/span><\/strong><\/strong><\/span><\/strong><\/strong><\/span><\/p>\n<p><span style=\"font-size: 10pt;\">Predsjednik Op\u0161tine Mojkovac g. Ranko Mi\u0161ni\u0107 i predsjednik Skup\u0161tine g. Dragomir Mrdak sastali su se sa Ministarkom javne uprave, g\u0111om Suzanom Pribilovi\u0107 i njenim saradnicima, koji su danas boravili u posjeti Op\u0161tini Mojkovac. Razgovarali su o izazovima u oblasti reforme javne uprave sa akcentom na unapre\u0111enju pru\u017eanja elektronskih usluga, aktuelnim pitanjima i projektima Op\u0161tine.<\/span><\/p>\n<p><span style=\"font-size: 10pt;\">Ministarka Pribilovi\u0107 je kazala da je Op\u0161tina Mojkovac unaprijedila kvalitet svog rada i stvorila uslove za bolji kvalitet \u017eivot njenih gra\u0111ana i da u narednom periodu treba raditi na unapre\u0111enju lokalne samouprave da bude pravi servis gra\u0111ana.<\/span><\/p>\n<p><span style=\"font-size: 10pt;\">\u201eU ostvarivanju ovog cilja moramo zajedni\u010dki usmjeriti svoje aktivnosti za dobrobit gra\u0111ana i Op\u0161tini Mojkovac \u0107e uvijek biti otvorena vrata Ministarstva javne uprave i puna podr\u0161ka u pogledu uspostavljanja uprave okrenute ka gra\u0111aninu\u201c, istakla je Pribilovi\u0107.<\/span><\/p>\n<p><span style=\"font-size: 10pt;\">Predsjednik op\u0161tine, Ranko Mi\u0161ni\u0107, je upoznao je ministarku sa aktuelnim razvojnim projektima i budu\u0107im planovima i istakao da je ova posjeta zna\u010dajna za Op\u0161tinu Mojkovac zbog razmjene iskustava o novim zakonskim rje\u0161enjima i preporukama koje treba sprovoditi na lokalnom nivou.<\/span><\/p>\n<p><span style=\"font-size: 10pt;\">\u201eDajemo sve od sebe da lokalna samouprava bude na najve\u0107em nivou. Ministarka je imala priliku da se upozna sa odre\u0111enim problemima koje imamo u redovnom funkcionisanju, kao i sa dobrim stvarima.Trudimo se da unaprijedimo uslove za rad na\u0161ih zaposlenih, da bi bili kvalitetan i odgovoran servis gra\u0111anima i profesionalna, odgovorna samouprava\u201c \u2013 kazao je MI\u0161ni\u0107.<\/span><\/p>\n<p><span style=\"font-size: 10pt;\">Ministarka Pribilovi\u0107 je uru\u010dila ra\u010dunare namijenjene za elektronsko testiranje prilikom zapo\u0161ljavanja u organima lokalne samouprave i izrazila zadovoljstvo \u0161to je softversko rje\u0161enje u funkciji. Podsjetila je da je ovaj projekat podr\u017ean od strane Ministarstva javne uprave i Evropske komisije kroz sektorsku bud\u017eetsku podr\u0161ku i klju\u010dni uslov za obezbje\u0111ivanje transparentnosti prilikom zapo\u0161ljavanja.<\/span><\/p>\n<p><span style=\"font-size: 10pt;\">\u00a0<\/span><\/p>\n<p><span style=\"font-size: 10pt;\"><img loading=\"lazy\" decoding=\"async\" class=\" size-full wp-image-362\" src=\"https:\/\/novisajt.mojkovac.me\/wp-content\/uploads\/2011\/10\/15a.jpg\" alt=\"15a\" width=\"324\" height=\"146\"><\/span><\/p>\n<p><span style=\"font-size: 10pt;\">\u00a0<\/span><\/p>\n<p><span style=\"font-size: 10pt;\"><strong><strong><a style=\"color: #000080;\" href=\"aktuelnosti\/rang-lista-stipendija-za-skolsku-2019-2020\"><strong style=\"color: #000080; background-color: inherit; font-family: inherit; font-size: 1rem;\"><strong><span style=\"background-color: inherit; font-family: inherit;\"><span style=\"background-color: inherit; font-family: inherit;\">____________________________<\/span>\u00a0<\/span><\/strong><\/strong><\/a><\/strong><\/strong><\/span><\/p>\n<p><span style=\"font-size: 10pt;\"><strong><strong><span style=\"color: #000080;\"><strong><strong><span style=\"background-color: inherit; font-family: inherit;\"><span style=\"color: #800000;\"><strong>18.05.2020<a style=\"color: #000080;\" href=\"aktuelnosti\/rang-lista-stipendija-za-skolsku-2019-2020\">.<br><\/a><\/strong><\/span><\/span><\/strong><\/strong><\/span><\/strong><\/strong><span style=\"color: #000080;\"><span style=\"background-color: inherit; font-family: inherit;\"><span style=\"color: #800000;\"><span style=\"color: #000080;\"><a style=\"color: #000080;\" href=\"aktuelnosti\/javni-poziv-ministarstva-sporta-za-angazovanje-lica\">D<\/a>anas je u Mojkovcu otvorena poslovnica Lov\u0107en banke AD.<\/span><\/span><\/span><\/span><strong><strong><span style=\"color: #000080;\"><strong><strong><span style=\"background-color: inherit; font-family: inherit;\"><span style=\"color: #800000;\"><strong><br><\/strong><\/span><\/span><\/strong><\/strong><\/span><\/strong><\/strong><\/span><\/p>\n<p><span style=\"color: #000080; font-size: 10pt;\">Novom poslovnom subjektu u na\u0161oj op\u0161tini \u017eelimo puno sre\u0107e i uspjeha u radu.<br><img loading=\"lazy\" decoding=\"async\" class=\" size-full wp-image-363\" src=\"https:\/\/novisajt.mojkovac.me\/wp-content\/uploads\/2011\/10\/13a.jpg\" alt=\"13a\" width=\"319\" height=\"144\">\u00a0 \u00a0\u00a0<img loading=\"lazy\" decoding=\"async\" class=\" size-full wp-image-364\" src=\"https:\/\/novisajt.mojkovac.me\/wp-content\/uploads\/2011\/10\/14a.jpg\" alt=\"14a\" width=\"262\" height=\"148\"><br><\/span><\/p>\n<p><span style=\"font-size: 10pt;\">\u00a0<\/span><\/p>\n<p><span style=\"font-size: 10pt;\"><strong><a style=\"color: #000080;\" href=\"aktuelnosti\/rang-lista-stipendija-za-skolsku-2019-2020\"><strong style=\"color: #000080; background-color: inherit; font-family: inherit; font-size: 1rem;\"><strong><span style=\"background-color: inherit; font-family: inherit;\"><span style=\"background-color: inherit; font-family: inherit;\">____________________________<\/span>\u00a0<\/span><\/strong><\/strong><\/a><\/strong><\/span><\/p>\n<p><span style=\"font-size: 10pt;\"><strong><span style=\"color: #000080;\"><strong><strong><span style=\"background-color: inherit; font-family: inherit;\"><span style=\"color: #800000;\"><strong>15.05.2020<a style=\"color: #000080;\" href=\"aktuelnosti\/rang-lista-stipendija-za-skolsku-2019-2020\">.<\/a><\/strong><\/span><\/span><\/strong><\/strong><\/span><\/strong><\/span><\/p>\n<p><span style=\"font-size: 10pt;\">\u00a0<a style=\"color: #000080;\" href=\"aktuelnosti\/javni-poziv-ministarstva-sporta-za-angazovanje-lica\">\u201eNorve\u0161ka za vas \u2013 Crna Gora\u201d \u2013 Op\u0161tini Mojkovac i D.O.O. Komunalne usluge Gradac odobren projekat \u201eUnapre\u0111enje sistema vodosnabdijevanja u gradskom i ruralnom podru\u010dju\u201d<\/a><\/span><\/p>\n<p><span style=\"font-size: 10pt;\"><a style=\"color: #000080;\" href=\"aktuelnosti\/javni-poziv-ministarstva-sporta-za-angazovanje-lica\">Kroz projekat \u201eNorve\u0161ka za vas \u2013 Crna Gora\u201d, Kraljevina Norve\u0161ka izdvojila je 250.000 evra za podr\u0161ku socijalnoj inkluziji kroz unapre\u0111enje uslova \u017eivota u 16 manje razvijenih op\u0161tina u Crnoj Gori, kroz razvoj infrastrukture.<\/a><\/span><\/p>\n<p><span style=\"font-size: 10pt;\"><a style=\"color: #000080;\" href=\"aktuelnosti\/javni-poziv-ministarstva-sporta-za-angazovanje-lica\">\u201ePodr\u017eali smo sedam projektnih prijedloga iz deset lokalnih samouprava. Projekat koji \u0107e se realizovati u op\u0161tini Mojkovac podrazumijeva nabavku novih sistema pumpi i uvo\u0111enje sistema kontrole pa \u0107e se na taj na\u010din unaprijediti i sam sistem vodosnabdijevanja u gradskom i ruralnom podru\u010dju op\u0161tine Mojkovac\u201d \u2013 izjavio je Arman \u010ceki\u0107, menad\u017eer Kancelarije Ujedinjenih nacija za projektne usluge (UNOPS).<\/a><\/span><\/p>\n<p><span style=\"font-size: 10pt;\"><a style=\"color: #000080;\" href=\"aktuelnosti\/javni-poziv-ministarstva-sporta-za-angazovanje-lica\">\u201eUgradnjom novih sistema pumpi obezbijedi\u0107emo pouzdano i efikasno snabdijevanje vodom za doma\u0107instava i privrednike. Smanji\u0107e se broj kvarova na minimum, kroz daljinsku kontrolu uve\u0161\u0107e se i sistem monitoringa, ali i smanjiti tro\u0161kovi svakodnevnog izlaska radnika na teren. Tako\u0111e, do\u0107i\u0107e do u\u0161tede u potro\u0161nji elektri\u010dne energije, ali i kod lo\u0161ih vremenskih prilika kada usled grmljavine dolazi do promjene napona \u0161to je ranije uzrokovalo ozbiljne kvarove, ne\u0107emo imati tro\u0161kove anga\u017eovanja radne snage na sanaciji kvarova jer novi sistemi posjeduju sve tehni\u010dke karakteristike koje ove probleme re\u0161evaju. Sve ovo je i va\u017ean preduslov za budu\u0107e intervencije na primarnoj mre\u017ei i dopuna za projekat vodosnabdijevanja u ostalim naseljima u Mojkovcu\u201d, konstatovao je izvr\u0161ni direktor komunalnog preduze\u0107a g. Predrag Smolovi\u0107 koji se posebno zahvalio projektu \u201eNorve\u0161ka za vas \u2013 Crna Gora\u201d \u0161to su prepoznali ovu aktivnost kao prioritetnu i obezbijedili njeno finansiranje.<\/a><\/span><\/p>\n<p><span style=\"font-size: 10pt;\">\u00a0<\/span><\/p>\n<p><span style=\"font-size: 10pt;\"><a style=\"color: #000080;\" href=\"aktuelnosti\/javni-poziv-ministarstva-sporta-za-angazovanje-lica\">Vrijednost projekta iznosi 25 000\u20ac.<\/a><\/span><\/p>\n<p><span style=\"font-size: 10pt;\"><strong><strong><img loading=\"lazy\" decoding=\"async\" class=\" size-full wp-image-365\" src=\"https:\/\/novisajt.mojkovac.me\/wp-content\/uploads\/2011\/10\/12A.jpg\" alt=\"12A\" width=\"227\" height=\"72\"><\/strong><\/strong><\/span><\/p>\n<p><span style=\"font-size: 10pt;\">\u00a0<\/span><\/p>\n<p><span style=\"font-size: 10pt;\">\u00a0<\/span><\/p>\n<p><span style=\"font-size: 10pt;\">\u00a0<strong><strong style=\"background-color: inherit; color: inherit; font-family: inherit; font-size: 1rem;\"><strong><a style=\"color: #000080;\" href=\"aktuelnosti\/rang-lista-stipendija-za-skolsku-2019-2020\"><strong style=\"color: #000080; background-color: inherit; font-family: inherit; font-size: 1rem;\"><strong><span style=\"background-color: inherit; font-family: inherit;\"><span style=\"background-color: inherit; font-family: inherit;\">____________________________<\/span>\u00a0<\/span><\/strong><\/strong><\/a><\/strong><\/strong><\/strong><\/span><\/p>\n<p><span style=\"font-size: 10pt;\"><strong><strong style=\"background-color: inherit; color: inherit; font-family: inherit; font-size: 1rem;\"><strong><a style=\"color: #000080;\" href=\"aktuelnosti\/rang-lista-stipendija-za-skolsku-2019-2020\"><span style=\"color: #000080;\"><strong><strong><span style=\"background-color: inherit; font-family: inherit;\"><span style=\"color: #800000;\"><strong>09.04.2020.<\/strong><\/span><\/span><\/strong><\/strong><\/span><\/a><\/strong><\/strong><\/strong><\/span><\/p>\n<p><\/p>\n<p><span style=\"font-size: 10pt;\"><a style=\"color: #000080;\" href=\"aktuelnosti\/rang-lista-stipendija-za-skolsku-2019-2020\"><strong>\u201eSadimo za na\u0161e dobro, da nas hrani na\u0161a zemlja\u201d !<\/strong><\/a><\/span><\/p>\n<p><span style=\"font-size: 10pt;\">\u00a0<\/span><\/p>\n<p><span style=\"font-size: 10pt;\"><a style=\"color: #000080;\" href=\"aktuelnosti\/rang-lista-stipendija-za-skolsku-2019-2020\">Op\u0161tina Mojkovac u cilju ubla\u017eavanja ekonomskih posledica nastalih usled pandemije koronavirusa kreirala je novu mjeru u okviru Programa podsticajnih mjera za razvoj poljoprivrede na podru\u010dju op\u0161tine Mojkovac za 2020 godinu.<\/a><\/span><\/p>\n<p><span style=\"font-size: 10pt;\"><a style=\"color: #000080;\" href=\"aktuelnosti\/rang-lista-stipendija-za-skolsku-2019-2020\">\u201cSadimo za na\u0161e dobro, da nas hrani na\u0161a zemlja\u201c naziv je mere koja podrazumijeva bespovratnu podr\u0161ku za nabavku sadnog materijala po maksimalno pojednostavljenoj proceduri, po\u0161tuju\u0107i ograni\u010denja koja su trenutno na snazi zbog mjera koje je donijelo Nacionalno koordinaciono tijelo za suzbijanje zaraznih bolesti.<\/a><\/span><\/p>\n<p><span style=\"font-size: 10pt;\"><a style=\"color: #000080;\" href=\"aktuelnosti\/rang-lista-stipendija-za-skolsku-2019-2020\">Mjera podrazumijeva bespovratnu podr\u0161ku za<br>-nabavku sadnog materijla za poljoprivredne kulture luk, krompir, kupus cvekla, boranija, pasulj, \u0161argarepa i gra\u0161ak,<br>\u2013 nabavku plastenika za proizvodnju povr\u0107a u zatvorenom prostoru sa sistemima kap po kap, i<br>\u2013 nabavku sadnog materijala za postoje\u0107e plastenike minimalne povr\u0161ine 50 m2.<\/a><\/span><\/p>\n<p><\/p>\n<p><a style=\"color: #000080;\" href=\"aktuelnosti\/rang-lista-stipendija-za-skolsku-2019-2020\">Prijave za ovu mjeru gra\u0111ani sa teritorije op\u0161tine Mojkovac mo\u0107i\u0107e od 9. Aprila preuzeti sa web stranice op\u0161tine Mojkovac ili li\u010dno u agrobiznis centru Op\u0161tine Mojkovac . Popunjene prijave mogu se podnijeti li\u010dno ili elektronskim putem od 9. Aprila do 01. Maja. Podr\u0161ka je bespovratna u iznosu od 100 % planirane investicije, a sve dodatne informacije zainteresovani mogu dobiti na brojeve telefona 069 556 284, 069 376 396 ili putem e- maila <\/a><a href=\"mailto:agrobizniscentarmk@t-com.me.\">agrobizniscentarmk@t-com.me.<br><\/a><strong style=\"color: #000080; background-color: inherit; font-family: inherit; font-size: 1rem;\"><strong style=\"background-color: inherit; color: inherit; font-family: inherit; font-size: 1rem;\"><strong><a style=\"color: #000080;\" href=\"aktuelnosti\/rang-lista-stipendija-za-skolsku-2019-2020\"><span style=\"background-color: inherit; font-family: inherit; font-size: 1rem;\"><span style=\"background-color: inherit; font-family: inherit; font-size: 1rem;\">____________________________<\/span>\u00a0<\/span><\/a><\/strong><\/strong><\/strong><\/p>\n<p><strong><strong style=\"background-color: inherit; color: inherit; font-family: inherit; font-size: 1rem;\"><strong><a style=\"color: #000080;\" href=\"aktuelnosti\/rang-lista-stipendija-za-skolsku-2019-2020\"><br>06.03.2020.<\/a><\/strong><\/strong><br><\/strong><\/p>\n<p><\/p>\n<p><span style=\"color: #000080;\"><strong><a style=\"color: #000080;\" href=\"aktuelnosti\/rang-lista-stipendija-za-skolsku-2019-2020\">Rang lista stipendija za \u0161kolsku 2019\/2020<\/a><br><\/strong><\/span><\/p>\n<p><strong style=\"color: #000080; background-color: inherit; font-family: inherit; font-size: 1rem;\"><strong><span style=\"background-color: inherit; font-family: inherit; font-size: 1rem;\"><span style=\"background-color: inherit; font-family: inherit; font-size: 1rem;\">____________________________<\/span>\u00a0<\/span><\/strong><\/strong><\/p>\n<p><span style=\"color: #000080;\"><strong><strong><span style=\"background-color: inherit; font-family: inherit; font-size: 1rem;\"><span style=\"color: #800000;\"><strong>24.02.2020.<\/strong><\/span><\/span><\/strong><br><\/strong><\/span><\/p>\n<p><span style=\"color: #000080;\">Ministar kulture\u00a0<strong>Aleksandar Bogdanovi\u0107<\/strong>\u00a0danas je u Mojkovcu otvorio modernizovani 3D bioskop, koji funkcioni\u0161e u okviru Centra za kulturu ,,Nenad Rako\u010devi\u0107\u201c. Projekat tehni\u010dke modernizacije bioskopske sale obuhvatio je i instaliranje 3D opreme, a Ministarstvo kulture realizovalo ga je u saradnji sa Programom Ujedinjenih nacija za razvoj u Crnoj Gori (UNDP) i Op\u0161tinom Mojkovac.<\/span><\/p>\n<p><span style=\"color: #000080;\">\u201eMinistarstvo je prepoznalo Mojkovac kao jedan od centara razvoja kulture na sjeveru na\u0161e dr\u017eave, \u0161to posebno va\u017ei kada je u pitanju kinematografija. Utemeljenje za tu orijentaciju nalazimo u tradiciji \u2013 u onome \u0161to, iz godine u godinu, \u017eivi upravo u ovoj sali, kao najdugovje\u010dniji filmski festival u na\u0161oj dr\u017eavi. Iz tog razloga, zaklju\u010dili smo kako postoji potreba da filmskoj publici u Mojkovcu pru\u017eimo bolje uslove, a Centru za kulturu moderne sadr\u017eaje, kao podsticaj za jo\u0161 bolji rad\u201c, kazao je ministar Bogdanovi\u0107.<\/span><\/p>\n<p><span style=\"color: #000080;\">Realizacijom ovog projekta Mojkovac je pozicioniran kao centar sjevera dr\u017eave u oblasti bioskopske-prikaziva\u010dke djelatnosti, a ministar Bogdanovi\u0107 siguran je da \u0107e ovo biti samo uvod u uspostavljanje \u010dvr\u0161\u0107e saradnje sa regionalnim distributerima.<\/span><\/p>\n<p><span style=\"color: #000080;\">\u201eUpravo to je najbolji na\u010din za valorizaciju tehni\u010dke modernizacije koju smo sproveli u proteklom periodu\u201c, naglasio je ministar Bogdanovi\u0107.\u00a0<\/span><\/p>\n<p><span style=\"color: #000080;\">Dodao je i da \u0107e ovakvi projekti biti u fokusu rada Ministarstva kulture i u razdoblju koje slijedi, posebno kada je rije\u010d o sjeveru dr\u017eave.\u00a0<\/span><\/p>\n<p><span style=\"color: #000080;\">Na otvaranju je govorio i predsjednik Op\u0161tine Mojkovac\u00a0<strong>Ranko Mi\u0161ni\u0107<\/strong>, koji je podsjetio da tradicija po\u0161tovanja filma u ovom gradu \u017eivi ve\u0107 45 godina.<\/span><\/p>\n<p><span style=\"color: #000080;\">\u201eSavremena oprema koju danas dobijamo u\u010dini\u0107e je mladom i modernom i predstavlja\u0107e novu epohu u njenom razvoju. Zato je dana\u0161nje otvaranje modernog 3D bioskopa posebno zna\u010dajno za Mojkovac, jer mi imamo posebnu obavezu da ovu bioskopsku salu dr\u017eimo ne samo \u017eivom ve\u0107 i punom\u201c, naglasio je Mi\u0161ni\u0107.<\/span><\/p>\n<p><span style=\"color: #000080;\"><strong style=\"background-color: inherit; font-family: inherit; font-size: 1rem;\"> <span style=\"color: #000080;\">{gallery}galerija\/3d{\/gallery}<\/span><\/strong><strong><br><\/strong><\/span><\/p>\n<p><span style=\"color: #000080;\"><strong><span style=\"background-color: inherit; font-family: inherit; font-size: 1rem;\"><span style=\"color: #000080;\"><span style=\"background-color: inherit; font-family: inherit; font-size: 1rem;\">____________________________<\/span>\u00a0<\/span><br><span style=\"color: #800000;\"><strong>24.02.2020.<\/strong><\/span><\/span><\/strong><\/span><\/p>\n<p><\/p>\n<p><span style=\"color: #000080;\">Danas je u Op\u0161tini Mojkovac prezentovan Agrobud\u017eet Ministarstva poljoprivrede i ruralnog razvoja za 2020. godinu.<\/span><\/p>\n<p><span style=\"color: #000080;\">Predsjednik Mi\u0161ni\u0107 je istakao zadovoljstvo \u0161to iz godine u godinu je sve vi\u0161e zainteresovanih mojkov\u010dana da se bave poljoprivredom, gdje \u0107e im Op\u0161tina uvijek biti pouzdan partner.<\/span><\/p>\n<p><span style=\"color: #000080;\">Tako\u0111e je dodao, da je i lokalni Agrobud\u017eet uve\u0107an za 40 000 eura u odnosu na pro\u0161lu godinu, gdje osim standardnih mjera podr\u0161ke, uvode se i mjere za podr\u0161ku razvoju ruralnog turizma,\u00a0jer je prepoznat veliki potencijal kod na\u0161ih poljoprivrednih gazdinstava, ali i ogromnu zainteresovanost turista za ovaj vid odmora.<\/span><\/p>\n<p><span style=\"color: #000080;\">Direktor direktorata za ruralni razvoj g. Darko Konjevi\u0107 i saradnici prezetovali su mjere koje \u0107e biti podr\u017eane ovim Agrobud\u017eetom i dodatno objasnili procedure i pravila koja se moraju po\u0161tovati kako bi \u0161to vi\u0161e aplikacija prema Ministarstvu bilo uspje\u0161no ocijenjeno.<\/span><\/p>\n<p><span style=\"color: #000080;\">Tako\u0111e, ovo je bila prilika da odgovorni ljudi u Ministrarstvu \u010duju i direktne sugestije onih koji se svakodnevno nose sa izazovima razvoja poljoprivrede u Mojkovcu.<\/span><\/p>\n<p><span style=\"color: #000080;\"><strong><img loading=\"lazy\" decoding=\"async\" class=\" size-full wp-image-366\" src=\"https:\/\/novisajt.mojkovac.me\/wp-content\/uploads\/2011\/10\/9.jpg\" alt=\"9\" width=\"250\" height=\"187\">\u00a0\u00a0<img loading=\"lazy\" decoding=\"async\" class=\" size-full wp-image-367\" src=\"https:\/\/novisajt.mojkovac.me\/wp-content\/uploads\/2011\/10\/10a.jpg\" alt=\"10a\" width=\"245\" height=\"184\">\u00a0\u00a0<img loading=\"lazy\" decoding=\"async\" class=\" size-full wp-image-368\" src=\"https:\/\/novisajt.mojkovac.me\/wp-content\/uploads\/2011\/10\/11a.jpg\" alt=\"11a\" width=\"244\" height=\"183\"><br><span style=\"color: #000080;\"><span style=\"background-color: inherit; font-family: inherit; font-size: 1rem;\"><span style=\"color: #000080;\"><span style=\"background-color: inherit; font-family: inherit; font-size: 1rem;\">____________________________<\/span>\u00a0<\/span><br><span style=\"color: #800000;\"><strong>20.02.2020.<\/strong><\/span><br><\/span><\/span><\/strong><\/span><\/p>\n<p><span style=\"color: #000080;\">U Multimedijalnoj Sali Op\u0161tine Mojkovac ju\u010de je odr\u017ean Info dan povodom objavljivanja Drugog Javnog poziva za dodjelu bespovratnih sredstava od 3 do 7.5 hiljada eura, koji \u0107e biti objavljen krajem marta, kroz program ,,Program grantova za samozapo\u0161ljavanje\u201d koji realizuje Zavod za zapo\u0161ljavanje u saradnji sa Delegacijom Evropske Unije u Crnoj Gori, Ministarstvom rada i socijalnog staranja i Ministarstvom finansija.<\/span><\/p>\n<p><span style=\"color: #000080;\">Priliku da se prijave ima\u0107e nezaposleni koji su na evidenciji Zavoda najmanje \u010detiri mjeseca na dan objavljivanja Poziva, sa naglaskom na mlade, \u017eene i dugotrajno nezaposlene.<\/span><\/p>\n<p><span style=\"color: #000080;\">Op\u0161tina Mojkovac pru\u017ei\u0107e podr\u0161ku u izradi biznis planova za zainteresovana lica koja budu \u017eeljela da apliciraju kroz ovaj poziv, a za sve one \u010dije se biznis ideje odobre za dobijanje bespovratnih sredstava koja se nude kroz ovaj program, snosi\u0107e i tro\u0161kove registracije preduze\u0107a !<br><img loading=\"lazy\" decoding=\"async\" class=\" size-full wp-image-369\" src=\"https:\/\/novisajt.mojkovac.me\/wp-content\/uploads\/2011\/10\/7.jpg\" alt=\"7\" width=\"280\" height=\"210\">\u00a0 \u00a0\u00a0<img loading=\"lazy\" decoding=\"async\" class=\" size-full wp-image-370\" src=\"https:\/\/novisajt.mojkovac.me\/wp-content\/uploads\/2011\/10\/8.jpg\" alt=\"8\" width=\"276\" height=\"207\"><br><\/span><\/p>\n<p><span style=\"color: #000080;\"><strong><span style=\"color: #000080;\"><span style=\"background-color: inherit; font-family: inherit; font-size: 1rem;\">____________________________<\/span>\u00a0<br><span style=\"color: #800000;\">14.02.2020.<br><\/span><\/span><\/strong><\/span><\/p>\n<p><span style=\"color: #000080;\">Predsjednik Op\u0161tine Mojkovac g. Ranko Mi\u0161ni\u0107 i predsjednik Skup\u0161tine g. Dragomir Mrdak primili su delegaciju Privredne komore Crne Gore na \u010delu sa predsjednikom g. Vlastimirom Golubovi\u0107em i tom prilikom su razgovarali o mogu\u0107nostima unapre\u0111enja ambijenta za poslovanje i intenziviranju saradnje.<\/span><\/p>\n<p><span style=\"color: #000080;\">Na sastanku su prisustvovali i privrednici Mojkovca: Radenko Mijo Jovanovi\u0107e \u2013 \u201cAlfa Trade\u201d, Zoran Dulovi\u0107 \u2013 \u201cDulovi\u0107\u201d d.o.o, Danilo Vu\u010dini\u0107 \u2013 restoran \u201cMost\u201d, Vladeta Rako\u010devi\u0107 \u2013 Imanje \u201cRako\u010devi\u0107\u201d i Milan Vujisi\u0107 \u2013 fabrika \u201cTara\u201d, koji su prezentovali izazove sa kojima se svakodnevno suo\u010davaju, ali istakli i potrebe za unapre\u0111enje njihovog poslovanja.<\/span><\/p>\n<p><span style=\"color: #000080;\">Poseban fokus sastanaka bio je na prezentaciji analize poslovanja privrednih subjekata koju je Komora uradila za sve crnogorske op\u0161tine i sertifikaciji op\u0161tina sa povoljnim poslovnim okru\u017eenjem po BFC standardu.<\/span><\/p>\n<p><span style=\"color: #000080;\"><strong><span style=\"color: #000080;\"><span style=\"color: #800000;\"><img loading=\"lazy\" decoding=\"async\" class=\" size-full wp-image-371\" src=\"https:\/\/novisajt.mojkovac.me\/wp-content\/uploads\/2011\/10\/5.jpg\" alt=\"5\" width=\"258\" height=\"145\">\u00a0 \u00a0<img loading=\"lazy\" decoding=\"async\" class=\" size-full wp-image-372\" src=\"https:\/\/novisajt.mojkovac.me\/wp-content\/uploads\/2011\/10\/6.jpg\" alt=\"6\" width=\"257\" height=\"144\"><\/span><\/span><\/strong><\/span><\/p>\n<p style=\"line-height: 14.3px;\"><span style=\"color: #000080;\"><strong><span style=\"color: #000080;\"><span style=\"background-color: inherit; font-family: inherit; font-size: 1rem;\">____________________________<\/span>\u00a0<\/span><\/strong><\/span><\/p>\n<p><strong><span style=\"color: #800000;\">06.02.2020.<\/span><\/strong><\/p>\n<p><span style=\"color: #000080;\"><a style=\"color: #000080;\" href=\"aktuelnosti\/javni-poziv-nvo-za-imenovanje-predstavnika-u-komisiji-za-raspodjelu-sredstava-nvo-za-2020\">JAVNI POZIV NVO ZA PREDLAGANJE PREDSTAVNIKA NVO U KOMISIJI ZA RASPODJELU SREDSTAVA\u00a0<\/a><\/span><\/p>\n<p><span style=\"color: #000080;\"><span style=\"background-color: inherit; font-family: inherit; font-size: 1rem;\">____________________________<\/span>\u00a0<\/span><\/p>\n<p style=\"line-height: 14.3px;\"><span style=\"background-color: inherit; color: #800000; font-family: inherit; font-size: 1rem;\"><a style=\"color: #800000;\" href=\"aktuelnosti\/konkurs-za-stipendiranje-studenata-kinja-za-skolsku-2019-2020\">05.02.2020.<\/a><\/span><\/p>\n<p><span style=\"color: #000080;\"><a class=\"hasTooltip\" style=\"color: #000080;\" href=\"aktuelnosti\/javni-konkurs-sufinansiranje-programa-sportskih-klubova-2020\" data-original-title=\"Edit\">Javni konkurs-sufinansiranje programa sportskih klubova 2020<\/a>\u00a0<\/span><\/p>\n<p style=\"line-height: 14.3px;\"><span style=\"color: #000080;\"><span style=\"background-color: inherit; font-family: inherit; font-size: 1rem;\"><a style=\"color: #000080;\" href=\"aktuelnosti\/konkurs-za-stipendiranje-studenata-kinja-za-skolsku-2019-2020\">Konkurs za stipendiranje 45 studenata\/kinja za\u0161kolsku 2019\/2020<\/a><br>____________________________<\/span>\u00a0<\/span><\/p>\n<p><span style=\"color: #800000;\">31.01.2020.<\/span><\/p>\n<p><span style=\"color: #000080;\">Predsjednik Op\u0161tine Mojkovac g. Ranko Mi\u0161ni\u0107 primio je danas Anu Rako\u010devi\u0107 studentkinju Fakulteta politi\u010dkih nauka Univerziteta Crne Gore i Aleksandru Medojevi\u0107 studentkinju Politehni\u010dkog fakulteta Univerziteta Donja Gorica.<\/span><\/p>\n<p><span style=\"color: #000080;\">Ana i Aleksandra dobitnice su nagrade 19. decembar koju svake godine glavni grad dodjeljuje najboljim studentima.<\/span><\/p>\n<p><span style=\"color: #000080;\">Predsjednik Mi\u0161ni\u0107 ovom prilikom naglasio je zna\u010daj prepoznavanja i vrednovanja truda i uspjeha u oblasti obrazovanja i istakao da \u0107e se Op\u0161tina Mojkovac truditi da i ubudu\u0107e nagradi najbolje.<\/span><\/p>\n<p><span style=\"color: #000080;\">Opstina Mojkovac ove godine pove\u0107ala je i bud\u017eet koji je namijenjen za podr\u0161ku studentima pa \u0107e Konkurs za dodjelu studentskih stipendija biti raspisan za 45 studenata.<\/span><\/p>\n<p><span style=\"color: #000080;\"><img loading=\"lazy\" decoding=\"async\" class=\" size-full wp-image-373\" src=\"https:\/\/novisajt.mojkovac.me\/wp-content\/uploads\/2011\/10\/4.jpg\" alt=\"4\" width=\"191\" height=\"248\"><\/span><br><span style=\"background-color: inherit; color: #000080; font-family: inherit; font-size: 1rem;\">____________________________<\/span><\/p>\n<p><span style=\"color: #000080;\"><strong>27.12.2019.<\/strong><\/span><\/p>\n<p><span style=\"color: #000080;\">U Op\u0161tini Mojkovac danas su podijeljeni poklon paketi za sve bebe koje su ro\u0111ene u 2019. godini na teriotriji na\u0161e op\u0161tine.<\/span><\/p>\n<p><span style=\"color: #000080;\">\u201eVidje\u0107ete, to \u0107e biti lijepa i va\u017ena godina.<\/span><br><span style=\"color: #000080;\"> Bi\u0107e velika \u2013 od januara sve do decembra.<\/span><br><span style=\"color: #000080;\"> U nju \u0107e stati svi ro\u0111endani i mnogo nezaboravnih trenutaka<\/span><br><span style=\"color: #000080;\"> Neko \u0107e napisati novu pjesmu.<\/span><br><span style=\"color: #000080;\"> Neko \u0107e se prvi put zaljubiti.<\/span><\/p>\n<p><span style=\"color: #000080;\">Nove majke nosi\u0107e u rukama novu djecu\u2026<\/span><\/p>\n<p><span style=\"color: #000080;\">To \u0107e biti dobra godina.<\/span><br><span style=\"color: #000080;\"> Radi\u0107emo, u\u010diti i pjevati.<\/span><br><span style=\"color: #000080;\"> Kad se zamorimo, uvek \u0107e na vrijeme do\u0107i subota i nedelja.<\/span><br><span style=\"color: #000080;\"> Zavr\u0161i\u0107emo neke va\u017ene poslove i zapo\u010deti neke jo\u0161 va\u017enije.<\/span><br><span style=\"color: #000080;\"> Svi \u0107emo se slikati, za uspomenu na tu dobru godinu.<\/span><br><span style=\"color: #000080;\"> Kad se ponovo sretnemo, 31. decembra, ne\u0107emo se poznati, jer \u0107emo svi biti ve\u0107i, ljep\u0161i i pametniji\u2026\u201d<\/span><\/p>\n<p><span style=\"color: #000080;\">Du\u0161ko Radovi\u0107<br><img loading=\"lazy\" decoding=\"async\" class=\" size-full wp-image-374\" src=\"https:\/\/novisajt.mojkovac.me\/wp-content\/uploads\/2011\/10\/3.jpg\" alt=\"3\" width=\"299\" height=\"236\"><br><\/span><\/p>\n<p><span style=\"color: #000080;\"><strong><a style=\"color: #000080;\" href=\"aktuelnosti\/javna-rasprava-nacrta-lap-za-mlade\"><span style=\"background-color: inherit; font-family: inherit; font-size: 1rem;\">____________________________<\/span><\/a><\/strong><\/span><\/p>\n<p><strong><a style=\"color: #000080;\" href=\"aktuelnosti\/javna-rasprava-nacrta-lap-za-mlade\">13.12.2019.<br><\/a><\/strong><\/p>\n<p><span style=\"color: #000080;\"><a style=\"color: #000080;\" href=\"aktuelnosti\/javna-rasprava-nacrta-lap-za-mlade\">Sekretarijat za op\u0161tu upravu dru\u0161tvene djelatnosti i kadrovska pitanja u saradnji sa NVO CAZAS i JUO\u0160 ,, Aleksa \u0110ilas \u2013Be\u0107o\u201c\u00a0 u petak 13.12.2019. godine organizovao je predavanja na temu ,,Mladi\u00a0 i upotreba droga i alkohola\u201e sa fokusom na ulogu \u0161kola u prevenciji, sprovo\u0111enju nau\u010dno dokazanih programa i prepoznavanju rizika. Predavanje su realizovali Sanja \u0160i\u0161ovi\u0107 i Boban Sekuli\u0107 iz NVO CAZAS. \u00a0Predavanje je dio aktivnosti koje se sprovode sa ciljem bolje koordinacije ranog reagovanja lokalne \u00a0zajednice kada je u pitanju narkomanija, kao bolest zavisnosti koja se javlja u sve ranijem uzrastu.<\/a><\/span><\/p>\n<p><span style=\"color: #000080;\"><a style=\"color: #000080;\" href=\"aktuelnosti\/javna-rasprava-nacrta-lap-za-mlade\">{gallery}galerija\/caz{\/gallery}<\/a><strong><a style=\"color: #000080;\" href=\"aktuelnosti\/javni-poziv-nvo-predstavnici-u-radnoj-grupi-plan-djecje-i-soc-zastite\"><br><img loading=\"lazy\" decoding=\"async\" class=\" size-full wp-image-375\" style=\"font-family: 'Helvetica Neue', Helvetica, Arial, sans-serif; font-size: 13px; line-height: 14.3px; text-align: center;\" src=\"https:\/\/novisajt.mojkovac.me\/wp-content\/uploads\/2011\/10\/shadow.jpg\" alt=\"shadow\" width=\"162\" height=\"4\"><\/a><\/strong><\/span><\/p>\n<p><span style=\"color: #000080;\"><strong><br>02.12.2019.<\/strong><\/span><\/p>\n<p><span style=\"color: #000080;\"><strong><a style=\"color: #000080;\" href=\"aktuelnosti\/javna-rasprava-nacrta-lap-za-mlade\">Javna rasprava Nacrt LAP za mlade 2020-2021.\u00a0<\/a><\/strong><\/span><\/p>\n<p style=\"line-height: 14.3px;\"><span style=\"color: #000080;\"><strong><strong>___________________________________________\u00a0<\/strong><\/strong><\/span><\/p>\n<p><span style=\"color: #000080;\"><strong><br>\u00a0<\/strong><strong><strong><a style=\"color: #000080;\" href=\"aktuelnosti\/obavjestenje-poreskim-obveznicima\">27.11.2019.<\/a><\/strong><br><strong><a style=\"color: #000080;\" href=\"aktuelnosti\/obavjestenje-poreskim-obveznicima\">\u00a0<\/a><\/strong><br><strong><a style=\"color: #000080;\" href=\"aktuelnosti\/obavjestenje-poreskim-obveznicima\">OBAVJE\u0160TENJE PORESKIM OBVEZNICIMA<\/a><\/strong><br>____________________________________________\u00a0<\/strong><\/span><\/p>\n<p><strong>19.11.2019.<br><\/strong><\/p>\n<p><span style=\"color: #000080;\">POSJETA AMBASADORKE TURSKE OP\u0160TINI MOJKOVAC<\/span><\/p>\n<p><span style=\"color: #000080;\">Danas je u Op\u0161tini Mojkovac u zvani\u010dnoj posjeti boravila Ambasadorka Turske NJ.E. Sogul Ozan sa svojim saradnicima.<\/span><br><span style=\"color: #000080;\">Ambasadorku su u ime Op\u0161tine Mojkovac primili predsjednik Skup\u0161tine Op\u0161tine g. Dragomir Mrdak i predsjednik Op\u0161tine g. Ranko Mi\u0161ni\u0107.<\/span><br><span style=\"color: #000080;\">U njenoj prvoj zvani\u010dnoj posjeti Mojkovcu predstavljeni su strate\u0161ki pravci razvoja op\u0161tine, potencijali, projekti i aktivnosti koji se trenutno realizuju.<\/span><br><span style=\"color: #000080;\">Fokus je bio na razmatranju mogu\u0107nosti ekonomske saradnje kroz privla\u010denje turskih investitora sa ciljem ja\u010danja razvoja lokalne privrede. Imaju\u0107i u vidu trenutnu zainteresovanost turskih inevstiotora za ulaganje u Crnu Goru, ambasadorka je istakla da \u0107e raditi na stvaranju novih i ja\u010danju postoje\u0107ih veza lokalnih vlasti i investitora.<\/span><br><span style=\"color: #000080;\">Kao posebno zna\u010dajno ambasadorka je istakla mogu\u0107nost saradnje i na polju obrazovanja sa fokusom na stipendiranje studenata za \u0161kolovanje u Turskoj.<\/span><br><span style=\"color: #000080;\">Predsjednik Op\u0161tine g. Mi\u0161ni\u0107 i predsjednik SO g. Mradak su izrazili veliko zadovoljstvo realizacijom ove posjete i istakli dosada\u0161nju dobru saradnju kako sa ambasadom tako i sa Turskom agencijom za me\u0111unarodnu saradnju i razvoj. Tako\u0111e, izrazili su otvorenost za dobre biznis ideje koje bi se od strane turskih investitora mogle realizovati u Mojkovcu, ali i uvjerenje da \u0107e ova posjeta tome doprinijeti.<\/span><\/p>\n<p><span style=\"color: #000080;\"><strong><img loading=\"lazy\" decoding=\"async\" class=\" size-full wp-image-376\" src=\"https:\/\/novisajt.mojkovac.me\/wp-content\/uploads\/2011\/10\/2.jpg\" alt=\"2\" width=\"138\" height=\"184\"><\/strong><\/span><\/p>\n<p><\/p>\n<p style=\"line-height: 14.3px;\"><span style=\"color: #000080;\"><img loading=\"lazy\" decoding=\"async\" class=\" size-full wp-image-375\" style=\"font-family: 'Helvetica Neue', Helvetica, Arial, sans-serif; font-size: 13px; line-height: 14.3px; text-align: center;\" src=\"https:\/\/novisajt.mojkovac.me\/wp-content\/uploads\/2011\/10\/shadow.jpg\" alt=\"shadow\" width=\"162\" height=\"4\"><\/span><\/p>\n<p><span style=\"color: #000080;\"><strong style=\"background-color: inherit; color: inherit; font-family: inherit; font-size: 1rem;\">15.11.2019.<\/strong><\/span><\/p>\n<p><span style=\"color: #000080;\"><a style=\"color: #000080;\" href=\"aktuelnosti\/javna-rasprava-nacrt-odluke-o-budzeta-za-2020-godinu\"><strong>Javna rasprava Nacrt Odluke o Bud\u017eetu Op\u0161tine Mojkovac za 2020.\u00a0<\/strong><\/a><\/span><\/p>\n<p style=\"line-height: 14.3px;\"><span style=\"color: #000080;\"><img loading=\"lazy\" decoding=\"async\" class=\" size-full wp-image-375\" style=\"font-family: 'Helvetica Neue', Helvetica, Arial, sans-serif; font-size: 13px; line-height: 14.3px; text-align: center;\" src=\"https:\/\/novisajt.mojkovac.me\/wp-content\/uploads\/2011\/10\/shadow.jpg\" alt=\"shadow\" width=\"162\" height=\"4\"><\/span><\/p>\n<p><span style=\"color: #000080;\"><strong style=\"background-color: inherit; color: inherit; font-family: inherit; font-size: 1rem;\"><strong style=\"background-color: inherit; color: inherit; font-family: inherit; font-size: 1rem;\">29.10.2019.<\/strong><br>Realizovana studijska posjeta djece Polimskom muzeju\u00a0<\/strong><\/span><\/p>\n<p><span style=\"color: #000080;\">U okviru realizacije projekta ,,Unapre\u0111enje trenutnog statusa areholo\u0161kog lokaliteta Brskovo kroz razvoj svijesti o zna\u010daju ovog kulturnog dobra, promociju lokaliteta i upravljanje rizicima\u201c \u010diji je nosilac Op\u0161tina Mojkovac a koji kofinansira Ministartsvo kulture Vlade Cnre Gore realizovana je studijska posjeta djece koja poha\u0111aju JUO\u0160 \u201eAleksa \u0110ilas \u2013Be\u0107o\u201c\u00a0 Javnoj ustanovi \u201ePolimski muzej\u201c u Beranama.<\/span><br><span style=\"color: #000080;\">U okviru posjete djeca su imala priliku da se upoznaju sa muzejskim eksponatima koji se \u010duvaju u ovoj instituciji, a koji su prona\u0111eni na areholo\u0161kom lokalitetu \u201e Brakovo\u201c kao i sa redovnom postavkom u ovoj instituciji.<\/span><br><span style=\"color: #000080;\">{gallery}galerija\/polim{\/gallery}<\/span><\/p>\n<p><span style=\"color: #000080;\">_____________________________\u00a0<\/span><br><span style=\"color: #000080;\"><strong>04.10.2019.<\/strong><\/span><\/p>\n<p><span style=\"color: #000080;\"><strong>Realizovan info dan ,, Prednosti zapo\u0161ljavanja osoba sa invaliditetom\u201c\u00a0<br><\/strong>Sekretarijat za op\u0161tu upravu, dru\u0161tvene djelatnosti i kadrovska pitanja Op\u0161tine Mojkovac u saradnji sa Zavodom za zapo\u0161ljavanje CG danas je realizovao info dan \u201cPrednosti zapo\u0161ljavanja osoba sa invaliditetom\u201d. Aktivnost se realizovala kao dio Akcionog plana u oblasti invalidnosti u Op\u0161tini Mojkovac. Ciljna grupa bili su predstavnici javnih institucija, nevladinog sektora i privatni preduzetnici sa teritorije op\u0161tine.<\/span><br><span style=\"color: #000080;\">{gallery}galerija\/infod{\/gallery}<\/span><\/p>\n<p><span style=\"background-color: inherit; color: #000080; font-family: inherit; font-size: 1rem;\">_____________________________<\/span><\/p>\n<p><span style=\"color: #000080;\">20.09.2019.<br><\/span><\/p>\n<p><span style=\"color: #000080;\">Na platou biv\u0161eg jalovi\u0161ta, dana\u0161njoj sportskoj zoni, u Mojkovcu danas je obilje\u017eena 28. godi\u0161njica progla\u0161enja Crne Gore ekolo\u0161kom dr\u017eavom.<\/span><\/p>\n<p><span style=\"color: #000080;\">Op\u0161tina Mojkovac i DOO Komunalne usluge \u201cGradac\u201d u okviru akcije ,,Da gora zazeleni\u201c, koju su inicirali Zajednica Op\u0161tina Crne Gore i Generalni Sekretarijat Vlade Crne Gore, a uz podr\u0161ku Agencije za za\u0161titu \u017eivotne sredine, realizovali su aktivnost sadnje 11 vrsta drve\u0107a u sportsko-rekreativnoj zoni.<\/span><\/p>\n<p><span style=\"color: #000080;\">Prisutnim gra\u0111anima i u\u010denicima O\u0160 ,, Aleksa \u0110ilas-Be\u0107o\u201c obratili su se predsjednik op\u0161tine Ranko Mi\u0161ni\u0107 i direktor Agenicije za za\u0161titu \u017eivotne sredine Nikola Medenica.<\/span><\/p>\n<p><span style=\"color: #000080;\">\u201c\u017delio bih da istaknem posebnost i zna\u010daj ekolo\u0161kog datuma koji danas ovom akcijom obilje\u017eavamo. U tom kontekstu pored privilegija koje imamo \u017eive\u0107i u zemlji \u201cdivlje ljepote\u201d, moramo naglasiti i odgovornost koju imamo. Prema tome, pozivaju\u0107i se na \u201eDeklaraciju o ekolo\u0161koj dr\u017eavi Crnoj Gori\u201c, te imaju\u0107i u vidu da svako od nas nosi dio te odgovornosti, koristim ovu priliku danas da apelujem i na gra\u0111ane, da zajedni\u010dkim doprinosom, gradimo ekolo\u0161ki identitet Crne Gore, kao i kulturu, prije svega po\u0161tovanja, pa onda i o\u010duvanja i unapre\u0111enja njenih prirodnih vrijednosti. Dana\u0161nja akcija neka bude primjer i dalji doprinos tom konceptu\u201d, istakao je Medenica.<\/span><\/p>\n<p><span style=\"color: #000080;\">Mi\u0161ni\u0107 je pak istakao da sa zadovoljstvom mogu re\u0107i da su se oni kao grad u prethodnom periodu trudili da prate tu odrednicu, vizionarski postavljenu u vremenu kada se o svemu vi\u0161e govorilo nego o ekologiji, odr\u017eivom razvoju i za\u0161titi \u017eivotne sredine.<\/span><\/p>\n<p><span style=\"color: #000080;\">\u201cPonosni smo na \u010dinjenicu da je danas te\u0161ko zamisliti da je ovaj plato, na kom se pred na\u0161im o\u010dima svakim danom sve vi\u0161e formira prava sportska zona, nekada bila crna ekolo\u0161ka ta\u010dka sjevera Crne Gore. Dana\u0161nja akcija nastavak je posla koji svakodnevno radimo, vode\u0107i se mi\u0161lju da svaki kutak na\u0161eg grada dobije svoj zaslu\u017eeni izgled i svhu, prilago\u0111enu stvarnim potrebama na\u0161ih gra\u0111ana\u201c, rekao je Mi\u0161ni\u0107.<\/span><\/p>\n<p><span style=\"color: #000080;\">Akciji je prisustvovao i gradona\u010delnig pobratimskog grada Beli\u0161\u0107a iz Hrvatske Dinko Buri\u0107 koji je zajedno sa predsjednikom Op\u0161tine Mojkovac Rankom Mi\u0161ni\u0107em posadio drvo prijateljstva.<\/span><br><span style=\"color: #000080;\"><img loading=\"lazy\" decoding=\"async\" class=\" size-full wp-image-377\" src=\"https:\/\/novisajt.mojkovac.me\/wp-content\/uploads\/2011\/10\/1.jpg\" alt=\"1\" width=\"260\" height=\"195\"><\/span><\/p>\n<p><span style=\"color: #000080;\"><span style=\"background-color: inherit; font-family: inherit; font-size: 1rem;\">_____________________________<\/span><br>06.09.2019.<\/span><\/p>\n<p><span style=\"color: #000080;\">Danas su u Mojkovcu zapo\u010deti radovi na asfaltiranju gradskih saobra\u0107ajnica, parkinga i lokalnih puteva u vrijednosti od 183 000\u20ac.<\/span><\/p>\n<p><span style=\"color: #000080;\">Tako\u0111e, uz podr\u0161ku Ministarstva poljoprivrede i ruralnog razvoja kroz RCTP projekat potpisan je ugovor o izvo\u0111enju radova na asfaltiranju puteva u ruralnom podru\u010dju u vrijednosti od 173 000\u20ac, a za unapre\u0111enje vodosnabdijevanja odobreno je oko 20 000\u20ac.<\/span><br><span style=\"color: #000080;\">{gallery}galerija\/6.9.{\/gallery}<br><span style=\"background-color: inherit; font-family: inherit; font-size: 1rem;\">_____________________________<\/span><\/span><\/p>\n<p><span style=\"color: #000080;\">02.09.2019.<\/span><\/p>\n<p><span style=\"color: #000080;\">Op\u0161tina Mojkovac obavje\u0161tava gra\u0111ane da je otvoern Poziv za prijavljivanje zainteresovanih za poha\u0111anje radionica za horsko pjevanje, kao prve faze u procesu formiranja gradskog hora.\u00a0 Svi zainteresovani uzrasta od 15 od 35 godina mogu se prijaviti, svakog radnog dana u prostorijama Op\u0161tine Mojkovac, kancelarija br. 4 ili na kontakt telefon 069325243. Radionice\u00a0 \u0107e voditi profesorica Ru\u017eica Rako\u010devi\u0107, diplomirana muzi\u010darka. Poziv je otvoren do 15. septembra. Projekat je finansijski podr\u017ean od strane\u00a0 Ministarstva kulture kroz projekat sufinansiranja kulturno umjetni\u010dkog stvarala\u0161tva u 2019. godini.\u00a0<\/span><br><span style=\"background-color: inherit; color: #000080; font-family: inherit; font-size: 1rem;\">_____________________________<\/span><\/p>\n<p><span style=\"color: #000080;\">30.08.2019.<\/span><\/p>\n<p><span style=\"color: #000080;\">Op\u0161tina Mojkovac kroz grant dodijelila poljoprivrednicima 32 junice.<\/span><\/p>\n<p><span style=\"color: #000080;\">S obzirom na teritorijalni polo\u017eaj i prirodne resurse sa kojima raspola\u017ee op\u0161tina Mojkovac, sto\u010darstvo predstavlja jednu od najzna\u010dajnijih grana poljoprivredne proizvodnje.<\/span><br><span style=\"color: #000080;\">Tokom prethodnih decenija Mojkovac je va\u017eio za prepoznatljiv sto\u010darski kraj, gdje se u seoskom podru\u010dju uvjek moglo na\u0107i na stotine doma\u0107ina koji su dr\u017eali po desetak grla govedi, me\u0111utim migracije stanovni\u0161tva dovele su do toga da se trenutno u seoskom podru\u010dju nalazi mali broj uglavnom stara\u010dkih doma\u0107instava koja posjeduju samo po par grla. Iz tog razloga podr\u0161ka i unapre\u0111enje govedarstva predstavlja jedan od glavnih prioriteta razvoja poljoprivrede na teritoriji op\u0161tine Mojkovac.<\/span><br><span style=\"color: #000080;\">Imaju\u0107i sve ovo u vidu, Op\u0161tina Mojkovac je u saradnji sa kompanijom \u201eFranca\u201c iz Bijelog Polja izvr\u0161ila nabavku 32 steone junice kao jedan vid podr\u0161ke koji se obezbje\u0111uje u vidu granta poljoprivrednim proizvo\u0111a\u010dima, gdje pravo na podr\u0161ku imaju oni poljoprivredni proizvo\u0111a\u010di koji se bave govedarstvom, a posjeduju adekvatne uslove za bavljenje ovom granom poljoprivredne proizvodnje i minimum 2 muzna grla.<\/span><br><span style=\"color: #000080;\">Nakon terenske kontrole podnosilaca zahtjeva stru\u010dna komisija je napraviti rang listu. Poljoprivredni proizvo\u0111a\u010di kroz ovu grant podr\u0161ku dobili su 2 steone junice simentalske rase koje su du\u017eni da dr\u017ee i brinu o njima po kodeksu dobre poljoprivredne prakse i da u periodu od 5 godina vrate onoliko junica koliko su dobili kako bi bile dodijeljene novim zainteresovanim poljoprivrednim proizvo\u0111a\u010dima.<\/span><br><span style=\"color: #000080;\">Na\u0161 cilj je da na ovaj na\u010din pove\u0107amo broj grla krupne stoke, da valorizujemo\u00a0 velike pa\u0161nja\u010dke povr\u0161ine, da unaprijedimo rasni sastav, pobolj\u0161amo materijalni polo\u017eaj poljoprivrednih proizvo\u0111a\u010da i radimo na unapre\u0111enju proizvodnje zdrave hrane.<\/span><br><span style=\"color: #000080;\">Moramo pomenuti i da smo u prethodnom periodu uz podr\u0161ku Ministarstva poljoprivrede i ruralnog razvoja i kompanije d.o.o. \u201eMonte Bianco\u201c iz Danilovgrada uspjeli da formiramo otkupni centar i tako obezbijedimo siguran plasman mlijeka od poljoprivrednih proizvo\u0111a\u010da iz Mojkovca. Tako\u0111e smo formirali sto\u010dnu pijacu u Pro\u0161\u0107enju i na taj na\u010din smo obezbijedili sve uslove za razvoj ove grane poljoprivrede na zadovoljstvo svih zainteresovanih strana.<\/span><\/p>\n<p><span style=\"color: #000080;\">{gallery}galerija\/poljj{\/gallery}<br><span style=\"background-color: inherit; font-family: inherit; font-size: 1rem;\"><strong style=\"color: #000080; background-color: inherit; font-family: inherit; font-size: 1rem;\"><strong><strong style=\"background-color: inherit; color: inherit; font-family: inherit; font-size: 1rem;\"><a style=\"background-color: inherit; font-family: inherit; font-size: 1rem; color: #000080;\" href=\"galerije\/fotografije\"><img loading=\"lazy\" decoding=\"async\" class=\" size-full wp-image-375 size-full wp-image-375\" style=\"text-align: center; line-height: 1.3em;\" src=\"https:\/\/novisajt.mojkovac.me\/wp-content\/uploads\/2011\/10\/shadow.jpg\" alt=\"shadow\" width=\"162\" height=\"4\"><img loading=\"lazy\" decoding=\"async\" style=\"text-align: center; line-height: 1.3em;\" src=\"https:\/\/novisajt.mojkovac.me\/wp-content\/uploads\/2011\/10\/shadow.jpg\" alt=\"shadow\" width=\"162\" height=\"4\"><\/a><\/strong><\/strong><\/strong><\/span><\/span><\/p>\n<p><span style=\"color: #000080;\">30.08.2019.<\/span><\/p>\n<p><span style=\"color: #000080;\"><strong>Dodijeljene knjige za 64 \u0111aka prvaka<\/strong><\/span><\/p>\n<p><span style=\"color: #000080;\">Op\u0161tina Mojkovac je i ove godine za sve \u0111ake prvake obezbijedila besplatne ud\u017ebenike.<br><span style=\"background-color: inherit; font-family: inherit; font-size: 1rem;\">Ud\u017ebenici za 64 \u0111aka prvaka dodijeljeni su prvacima 30.08.2019. godine u Multimedijalnoj sali Op\u0161tine Mojkovac.<\/span><\/span><\/p>\n<p>Prvaci sre\u0107no!<br><span style=\"background-color: inherit; font-family: inherit; font-size: 1rem;\"><span style=\"background-color: inherit; font-family: inherit; font-size: 1rem;\">{gallery}galerija\/knjig{\/gallery}<\/span><\/span><strong><strong><span style=\"background-color: inherit; font-family: inherit; font-size: 1rem;\"><strong><span style=\"background-color: inherit; font-family: inherit; font-size: 1rem;\"><br><\/span><\/strong><\/span><\/strong><\/strong><strong style=\"color: #000080; background-color: inherit; font-family: inherit; font-size: 1rem;\"><strong><strong style=\"background-color: inherit; color: inherit; font-family: inherit; font-size: 1rem;\"><a style=\"background-color: inherit; font-family: inherit; font-size: 1rem; color: #000080;\" href=\"galerije\/fotografije\"><img loading=\"lazy\" decoding=\"async\" class=\" size-full wp-image-375 size-full wp-image-375\" style=\"text-align: center; line-height: 1.3em;\" src=\"https:\/\/novisajt.mojkovac.me\/wp-content\/uploads\/2011\/10\/shadow.jpg\" alt=\"shadow\" width=\"162\" height=\"4\"><img loading=\"lazy\" decoding=\"async\" style=\"text-align: center; line-height: 1.3em;\" src=\"https:\/\/novisajt.mojkovac.me\/wp-content\/uploads\/2011\/10\/shadow.jpg\" alt=\"shadow\" width=\"162\" height=\"4\"><\/a><\/strong><\/strong><\/strong><\/p>\n<p><span style=\"color: #000080;\">21.08.2019.<\/span><\/p>\n<p><span style=\"color: #000080;\"><strong style=\"font-family: inherit; font-size: 1rem; color: #000080;\"><strong>Arheolo\u0161ki lokalitet Brskovo<\/strong><\/strong><\/span><\/p>\n<p><span style=\"color: #000080;\">Na arheolo\u0161kom lokalitetu \u201cBrskovo\u201d zavr\u0161avaju se istra\u017eivanja za ovu godinu, a koja su po\u010dela 20. juna. Istra\u017eivanja sprovodi Centar za arheologiju i konzervaciju Crne Gore, uz kofinansiranje Ministrarstva kulture i tim povodom lokalitet je obi\u0161ao i predsjednik Opstine Mojkovac\u00a0Ranko Mi\u0161ni\u0107 sa saradnicima.<\/span><br><span style=\"color: #000080;\">Arheolo\u0161ki tim zadovoljan je ovogodi\u0161njim rezultatima istra\u017eivanja. Glavni arheolog\u00a0Milo\u0161 \u017divanovi\u0107\u00a0u toku posjete lokaciji Brskovo \u2013 Doganjice.<\/span><br><span style=\"color: #000080;\">On je istakao je da je ovo jedan od najzana\u010dajnijih srednjevjekovnih lokaliteta ne samo za Crnu Goru ve\u0107 i \u0161ire i najavio nastavak istra\u017eivanja u toku naredene godine.<\/span><br><span style=\"color: #000080;\">Ove godine otkriveni su predmeti koji svojom autenti\u010dno\u0161\u0107u i na\u010dinom izrade imaju posebnu vrijednost i ukazuju na to da je istra\u017eivanja potrebno intezivirati, a cijeli lokalitet na kvalitetan na\u010din i turisti\u010dki valorizovati.<\/span><br><span style=\"color: #000080;\">Op\u0161ina Mojkovac u okviru Programa o\u010duvanja kulturne ba\u0161tine spovodi projekat koji ima za cilj upravo turisti\u010dku valorizaciju lokaliteta, ali i \u0161irenje znanja o zna\u010daju o\u010duvanja kulturnih dobara.<\/span><br><span style=\"color: #000080;\">U okviru projekta bi\u0107e ura\u0111ene turisti\u010dke bro\u0161ure i promotivni video materijal, a u narednom periodu u planu je i postavljanje mini centra za posjetioce na ovom lokalitetu, kao i postavljanje turisti\u010dkih info tabli.<\/span><br><span style=\"color: #000080;\">Predsjednik Mi\u0161ni\u0107 istakao je da \u0107e i trenutno najve\u0107i izazov sa kojim se susre\u0107u arheolozi na terenu \u2013 otklanjanje jalovine, biti ubrzo rije\u0161en na kvalitetniji na\u010din.<\/span><\/p>\n<p><span style=\"color: #000080;\"><a style=\"color: #000080;\" href=\"https:\/\/m.cdm.me\/drustvo\/arheoloski-tim-zadovoljan-ovogodisnjim-rezultatima-istrazivanja-na-brskovu\/?fbclid=IwAR0i1EVKNwf9n7kXc8DY7vu_qyd9OvCjCKbs7eqsjZiYsgaSGisbMJETRJk\"><span style=\"font-family: inherit; font-size: 1rem;\">Pogledajte\u00a0<\/span><span style=\"background-color: inherit; font-family: inherit; font-size: 1rem;\">\u010dlanak<\/span><span style=\"background-color: inherit; font-family: inherit; font-size: 1rem;\">\u00a0<\/span><span style=\"font-family: inherit; font-size: 1rem;\">na linku (Izvor:CDM)<br><\/span><\/a><a style=\"color: #000080;\" href=\"https:\/\/m.cdm.me\/drustvo\/arheoloski-tim-zadovoljan-ovogodisnjim-rezultatima-istrazivanja-na-brskovu\/?fbclid=IwAR0i1EVKNwf9n7kXc8DY7vu_qyd9OvCjCKbs7eqsjZiYsgaSGisbMJETRJk\">https:\/\/m.cdm.me\/drustvo\/arheoloski-tim-zadovoljan-ovogodisnjim-rezultatima-istrazivanja-na-brskovu\/?fbclid=IwAR0i1EVKNwf9n7kXc8DY7vu_qyd9OvCjCKbs7eqsjZiYsgaSGisbMJETRJk<\/a><\/span><\/p>\n<p><span style=\"color: #000080;\"><strong><strong><span style=\"background-color: inherit; font-family: inherit; font-size: 1rem;\"><strong><span style=\"background-color: inherit; font-family: inherit; font-size: 1rem;\">{gallery}galerija\/brs{\/gallery}<br><\/span><\/strong><\/span><\/strong><\/strong><strong style=\"color: #000080; background-color: inherit; font-family: inherit; font-size: 1rem;\"><strong><strong style=\"background-color: inherit; color: inherit; font-family: inherit; font-size: 1rem;\"><a style=\"background-color: inherit; font-family: inherit; font-size: 1rem; color: #000080;\" href=\"galerije\/fotografije\"><img loading=\"lazy\" decoding=\"async\" class=\" size-full wp-image-375 size-full wp-image-375\" style=\"text-align: center; line-height: 1.3em;\" src=\"https:\/\/novisajt.mojkovac.me\/wp-content\/uploads\/2011\/10\/shadow.jpg\" alt=\"shadow\" width=\"162\" height=\"4\"><img loading=\"lazy\" decoding=\"async\" style=\"text-align: center; line-height: 1.3em;\" src=\"https:\/\/novisajt.mojkovac.me\/wp-content\/uploads\/2011\/10\/shadow.jpg\" alt=\"shadow\" width=\"162\" height=\"4\"><\/a><\/strong><\/strong><\/strong><\/span><\/p>\n<p><span style=\"color: #000080;\">10.08.2019.<\/span><\/p>\n<p><span style=\"color: #000080;\"><strong style=\"font-family: inherit; font-size: 1rem; color: #000080;\"><strong>I Planinarski maraton<\/strong><\/strong><\/span><\/p>\n<p><span style=\"color: #000080;\">Mojkovac je po prvi put bio doma\u0107in planinskog maratona u formatu nebeska trka. Sportska manifestacija koja na najbolji na\u010din promovi\u0161e aktivan turizam ovog kraja odr\u017eana je 10. avgusta 2019. godine na planini koja je manje poznata planinskim trka\u010dima.<\/span><br><span style=\"color: #000080;\">Uprkos najavi da \u0107e biti paklena vru\u0107ina, organizatore je iznenadio broj od preko 200 takmi\u010dara na startu iz 11 zemalja, to govori da ova manifestacija ima ozbiljan potencijal.<\/span><br><span style=\"color: #000080;\">Staza du\u017eine 32 kilometra sa 2.000 metara uspona do\u010dekala je takmi\u010dare bez obla\u010dka ali u punom sjaju sa neverovatnim vidikovcima i surovim reljefom. Samim tim to je bio i veliki izazov za organizaciju, okrepe su morale imati duplo vi\u0161e vode a naknadno je uba\u010den jo\u0161 jedan punkt pred kraj sa vodom. Takmi\u010dari su pokazali da u jednoj trci mo\u017eemo imati sve: od ozbiljne dehidracije, upornosti, borbe do cilja.<\/span><br><span style=\"color: #000080;\">Sinjajevina je divlja, nezgodnog terena i zahtjeva ozbiljnu pripremu. Svakako nije za po\u010detnike i predstavlja svetski nivo. Ovo je, kako isti\u010du, 34 trka skajraning asocijacije nakon pet sezona i ekipa je naravno bila na visini zadatka.<\/span><br><span style=\"color: #000080;\">Prvi se na cilju u Gackoj pojavio duo iz Hrvatske, Danijel Krstulovi\u0107 Opara i Sanjin Vu\u010dan sa sjajnim vremenom od tri sata, 53 minuta i 23 sekunde, drugoplasirani je bio \u010carli \u0160arp iz Britanije sa 5 minuta zaostatka, dok je tre\u0107eplasirani Nikola Ili\u0107 iz Srbije stazu pre\u0161ao za \u010detiri sata i dva minuta.<\/span><br><span style=\"color: #000080;\">Najbolje rezultate u \u017eenskoj konkurenciji zabelje\u017eila je\u00a0<strong>Eva Tu\u0161ar Suhadolc<\/strong>\u00a0iz Slovenije, sa vremenom od 4 sata i 8 minuta. Treba napomenuti da je ovo sedmo mjesto u mu\u0161koj konkurenciji, fantasti\u010dan rezultat.<\/span><br><span style=\"color: #000080;\">Drugo mjesto zauzela je\u00a0<strong>Sne\u017eana \u0110uri\u0107<\/strong>\u00a0iz Srbije, sa vremenom od 4 sata i 55 minuta, dok je tre\u0107eplasiranoj Neli Lazarevi\u0107 iz Ni\u0161a bilo potrebno 5 sati i 9 minuta da stigne do cilja.<\/span><br><span style=\"color: #000080;\">Ovogodi\u0161nji prvijenac je donio puno izazova i uzbu\u0111enja za sve u\u010desnike. Konkurencija je bila jedna od najboljih do sad. Uprkos te\u0161kim vremenskim uslovima i zahtevnim terenima svi takmi\u010dari su bezbedno zavr\u0161ili trku, \u0161to je najbitnije za ovakve manifestacije.<\/span><br><span style=\"color: #000080;\">Skyrunning asocijacija Srbije, Op\u0161tina Mojkovac i TO Mojkovac kao organizatori se zahvaljuju svima koji su u\u010destvovali i pomogli u organizaciji ovog doga\u0111aja, a na prvom mestu mnogobrojnim volonterima i divnim doma\u0107inima ovog kraja.<\/span><br><span style=\"color: #000080;\">Posebna zahvalnost ide kompaniji Zlatiborac i Imanju Rako\u010devi\u0107 kao i agenciji North tour.<\/span><br><span style=\"color: #000080;\"><strong><strong><span style=\"background-color: inherit; font-family: inherit; font-size: 1rem;\"><strong><span style=\"background-color: inherit; font-family: inherit; font-size: 1rem;\">{gallery}galerija\/pm{\/gallery}<\/span><\/strong><\/span><\/strong><\/strong><\/span><\/p>\n<p><span style=\"color: #000080;\"><span style=\"background-color: inherit; font-family: inherit; font-size: 1rem;\"><span style=\"background-color: inherit; font-family: inherit; font-size: 1rem;\">\u00a0<\/span><\/span><strong style=\"background-color: inherit; font-family: inherit; font-size: 1rem; color: #000080;\"><strong><strong style=\"background-color: inherit; color: inherit; font-family: inherit; font-size: 1rem;\"><a style=\"background-color: inherit; font-family: inherit; font-size: 1rem; color: #000080;\" href=\"galerije\/fotografije\"><img loading=\"lazy\" decoding=\"async\" class=\" size-full wp-image-375 size-full wp-image-375\" style=\"text-align: center; line-height: 1.3em;\" src=\"https:\/\/novisajt.mojkovac.me\/wp-content\/uploads\/2011\/10\/shadow.jpg\" alt=\"shadow\" width=\"162\" height=\"4\"><img loading=\"lazy\" decoding=\"async\" style=\"text-align: center; line-height: 1.3em;\" src=\"https:\/\/novisajt.mojkovac.me\/wp-content\/uploads\/2011\/10\/shadow.jpg\" alt=\"shadow\" width=\"162\" height=\"4\"><\/a><\/strong><\/strong><\/strong><\/span><\/p>\n<p><span style=\"color: #000080;\">10.-12.08.2019.<\/span><\/p>\n<p><strong style=\"font-family: inherit; font-size: 1rem; color: #000080;\"><strong>I Mojkovac fest\u00a0<\/strong>\u00a0<\/strong><\/p>\n<p><span style=\"color: #000080;\"><strong>MOJKOVAC FEST<\/strong>\u00a0 odr\u017eavan po prvi put u Mojkovcu, a u sklopu proslave Dana opstine \u2013 13. avgusta na sportsko-rekeativnoj zoni (plato biv\u0161eg \u201eJalovi\u0161ta\u201c).<\/span><\/p>\n<p><span style=\"color: #000080;\">Nastupali su:<br><strong>\u2013 AMADEUS BAND<br><\/strong><strong>\u2013 MIRZA SELIMOVIC<br><\/strong>\u2013 <strong>JELENA ZVICER<br><\/strong>\u2013 <strong>OGNJEN SMASH & HAPPY FRIDAY BAND;<br><\/strong><strong>\u2013 RAPHAEL LOOPRO I DJ KOYO;\u00a0<br><\/strong><strong>\u2013 DRA\u017dEN BAKOVI\u0106<br><\/strong><strong><strong><span style=\"background-color: inherit; font-family: inherit; font-size: 1rem;\"><strong><span style=\"background-color: inherit; font-family: inherit; font-size: 1rem;\">{gallery}galerija\/mf{\/gallery}<br><\/span><\/strong><\/span><\/strong><\/strong><strong style=\"color: #000080; background-color: inherit; font-family: inherit; font-size: 1rem;\"><strong><strong style=\"background-color: inherit; color: inherit; font-family: inherit; font-size: 1rem;\"><a style=\"background-color: inherit; font-family: inherit; font-size: 1rem; color: #000080;\" href=\"galerije\/fotografije\"><img loading=\"lazy\" decoding=\"async\" class=\" size-full wp-image-375 size-full wp-image-375\" style=\"text-align: center; line-height: 1.3em;\" src=\"https:\/\/novisajt.mojkovac.me\/wp-content\/uploads\/2011\/10\/shadow.jpg\" alt=\"shadow\" width=\"162\" height=\"4\"><img loading=\"lazy\" decoding=\"async\" style=\"text-align: center; line-height: 1.3em;\" src=\"https:\/\/novisajt.mojkovac.me\/wp-content\/uploads\/2011\/10\/shadow.jpg\" alt=\"shadow\" width=\"162\" height=\"4\"><\/a><\/strong><\/strong><\/strong><\/span><\/p>\n<p><span style=\"color: #000080;\">29.07.2019.<\/span><\/p>\n<p><span style=\"color: #000080;\"><strong>Predsjednik Op\u0161tine Mojkovac u<\/strong><strong style=\"font-family: inherit; font-size: 1rem; color: #000080;\">gostio\u00a0<strong>Darka Stani\u0107a\u00a0<\/strong>\u00a0<\/strong><\/span><\/p>\n<p><span style=\"color: #000080;\">Predsjednik Op\u0161tine Mojkovac g. Ranko Mi\u0161ni\u0107 ugostio je dr\u017eavnog sekretara u Ministasrtvu omladine i sporta Republike Srbije i proslavljenog rukometnog golmana g. Darka Stani\u0107a.<\/span><br><span style=\"color: #000080;\"> Tom prilikom su razgovarali o razvoju sporta u Mojkovcu, posebno rukometa i razmijenili ideje o potencijalnoj saradnji kada je ova oblast u pitanju.<\/span><br><span style=\"color: #000080;\"> Nekada\u0161nji najbolji golman Evrope je izrazio \u017eelju da u svom rodnom Mojkovcu doprinese razvoju rukometa, ali i ostalih sportova kroz iskustva, poznanstva i ideje koje je sticao u toku svoje izuzetne sportske karijere, ali i radnog anga\u017emana u Ministarstvo omladine i sporta Republike Srbije.<\/span><br><span style=\"color: #000080;\"> Predsjednik Mi\u0161ni\u0107 je istakao veliko zadovoljstvo \u0161to je ugostio legendarnog rukometnog golmana i izrazio posebnu zahvalnost na njegovoj inicijativi i spremnosti da svojim znanjima i sportskim autoritetom doprinese razvoju rukometa i sporta u Mojkovcu.<\/span><\/p>\n<p><span style=\"color: #000080;\"><strong><strong><span style=\"background-color: inherit; font-family: inherit; font-size: 1rem;\"><strong><span style=\"background-color: inherit; font-family: inherit; font-size: 1rem;\">{gallery}galerija\/stan{\/gallery}<br><\/span><\/strong><\/span><\/strong><strong><strong style=\"background-color: inherit; color: inherit; font-family: inherit; font-size: 1rem;\"><a style=\"background-color: inherit; font-family: inherit; font-size: 1rem; color: #000080;\" href=\"galerije\/fotografije\"><img loading=\"lazy\" decoding=\"async\" class=\" size-full wp-image-375 size-full wp-image-375\" style=\"text-align: center; line-height: 1.3em;\" src=\"https:\/\/novisajt.mojkovac.me\/wp-content\/uploads\/2011\/10\/shadow.jpg\" alt=\"shadow\" width=\"162\" height=\"4\"><img loading=\"lazy\" decoding=\"async\" style=\"text-align: center; line-height: 1.3em;\" src=\"https:\/\/novisajt.mojkovac.me\/wp-content\/uploads\/2011\/10\/shadow.jpg\" alt=\"shadow\" width=\"162\" height=\"4\"><\/a><\/strong><\/strong><\/strong><\/span><\/p>\n<p><span style=\"color: #000080;\">24.07.2019.<\/span><\/p>\n<p><span style=\"color: #000080;\"><strong>Otvorena Kancelarija Fonda PIO u Mojkovcu<\/strong><\/span><\/p>\n<p><span style=\"color: #000080;\">U Mojkovcu je direktor Fonda PIO g. Du\u0161an Perovi\u0107 sa sradnicima i sa predsjednikom Op\u0161tine g. Mi\u0161ni\u0107em i predsjednikom Skup\u0161tine Mojkovac\u00a0 g. Mrdakom otvorio Kancelariju Fonda PIO koja je smje\u0161tena u zgradi Uprave za imovinu u Mojkovcu.<\/span><br><span style=\"color: #000080;\">Perovi\u0107 je istakao da \u0107e na ovaj na\u010din svim gra\u0111anima Mojkovca biti unaprije\u0111eno regulisanje prava iz oblasti penzijskog i invalidskog osiguranja, koji su do sada za te usluge morali da putuju u druge gradove, \u010dak i za osnovne informacije. Tako\u0111e je dodao da je ova aktivnost proistekla iz izuzetno dobre saradnje Fonda i lokalne samouprave i kao rezultat prepoznate potrebe da gra\u0111anima, ali posebno penzionerima uklonimo barijere pri re\u0161avanju ovako va\u017enih pitanja.<\/span><br><span style=\"color: #000080;\">Predsjednik Mi\u0161ni\u0107 je izrazio posebno zadovoljstvo \u0161to od danas mojkov\u010dani ne\u0107e morati da putuju u Bijelo Polje radi informisanja i ostvarivanja prava iz ove oblasti jer \u0107e ova Kancelarija biti im dostupna tri dana u sedmici (ponedeljak, srijeda i \u010detvrtak), u periodu od 7h do 15h. Dodao je da se nada da \u0107e se uz partenrski odnos svih zainteresovanih strana, kao i do sada, nalaziti na\u010dini da se ovako va\u017ena pitanja za gra\u0111ane Mojkovca re\u0161avaju na zadovoljstvo svih.<\/span><\/p>\n<p><span style=\"color: #000080;\"><strong><strong><span style=\"background-color: inherit; font-family: inherit; font-size: 1rem;\"><strong><span style=\"background-color: inherit; font-family: inherit; font-size: 1rem;\">{gallery}galerija\/pio{\/gallery}<br><\/span><\/strong><\/span><\/strong><strong><strong style=\"background-color: inherit; color: inherit; font-family: inherit; font-size: 1rem;\"><a style=\"background-color: inherit; font-family: inherit; font-size: 1rem; color: #000080;\" href=\"galerije\/fotografije\"><img loading=\"lazy\" decoding=\"async\" class=\" size-full wp-image-375 size-full wp-image-375\" style=\"text-align: center; line-height: 1.3em;\" src=\"https:\/\/novisajt.mojkovac.me\/wp-content\/uploads\/2011\/10\/shadow.jpg\" alt=\"shadow\" width=\"162\" height=\"4\"><img loading=\"lazy\" decoding=\"async\" style=\"text-align: center; line-height: 1.3em;\" src=\"https:\/\/novisajt.mojkovac.me\/wp-content\/uploads\/2011\/10\/shadow.jpg\" alt=\"shadow\" width=\"162\" height=\"4\"><\/a><\/strong><\/strong><br><\/strong><span style=\"background-color: inherit; font-family: inherit; font-size: 1rem;\"><br>10.07.2019.<\/span><strong><br><\/strong><\/span><\/p>\n<p><span style=\"color: #000080;\"><strong>IFAD program<\/strong><\/span><\/p>\n<p><span style=\"color: #000080;\">Kroz projekat razvoja ruralnih podru\u010dja, koji realizuje Vlada Crne Gore uz podr\u0161ku Me\u0111unarodnog fonda za razvoj poljoprivrede (IFAD), u ovoj godini bi\u0107e investirano novih \u010detiri miliona eura. Investicije \u0107e biti realizovane u sedam op\u0161tina koje su uklju\u010dene u projekat: Nik\u0161i\u0107u, Bijelom Polju, Beranama, Mojkovcu, \u017dabljaku, Petnjici i \u0160avniku, u kojima \u0107e biti izgra\u0111eni novi vodovodi, novi kilometri puta i podr\u017ean zna\u010dajan broj poljoprivrednih gazdinstava u dijelu unapre\u0111enja proizvodnje i plasmana proizvoda.<\/span><br><span style=\"color: #000080;\">Ovo je u Mojkovcu saop\u0161tio potpredsjednik Vlade i ministar poljoprivrede i ruralnog razvoja Milutin Simovi\u0107, ocjenjuju\u0107i da je uspje\u0161na realizacija i ovog projekta jo\u0161 jedna potvrda da \u0107e ova godina biti godina zna\u010dajnih investicija u crnogorsku poljoprivredu, da se nastavlja uspje\u0161na saradnja sa EU i drugim me\u0111unarodnim partnerima i da Vlada u kontinuitetu posebnu pa\u017enju posve\u0107uje razvoju Sjevera.<\/span><br><span style=\"color: #000080;\">Predsjednik Op\u0161tine Mojkovac Ranko Mi\u0161ni\u0107 kazao je da je podr\u0161ka kroz ovaj projekat mojkova\u010dkoj op\u0161tini do\u0161la u pravom trenutku, kada rade na unapre\u0111enju putne infrastrukture i vodosnabdijevanja u najmanje razvijenim ruralnim podru\u010djima op\u0161tina.<\/span><br><span style=\"color: #000080;\">\u201cSvjesni smo realnog stanja na terenu, kada je u pitanju razvoj poljoprivreda, svih izazova sa kojima se trenutno bore na\u0161i poljoprivredni proizvo\u0111a\u010di, kako oni manjeg tako i oni ve\u0107eg obima proizvodnje. Jako smo, tako\u0111e,\u00a0 svjesni i potencijala koje zajedno kao lokalna zajednica imamo i puta koji je do sada pre\u0111en kada se radi o unape\u0111enju uslova za pokretanje i razvoj proizvodnje na poljoprivrednim gazdinstvima\u201c, kazao je Mi\u0161ni\u0107.<\/span><br><span style=\"color: #000080;\"><span style=\"background-color: inherit; font-family: inherit; font-size: 1rem;\">Isti\u010de da na putu stvaranja Mojkovca kao sredine gdje \u0107e poljoprivreda biti jedna od nose\u0107ih razvojnih grana imaju u Ministarstvu poljoprivrede pouzdanog i jakog partnera.<br><\/span><strong><span style=\"background-color: inherit; font-family: inherit; font-size: 1rem;\"><strong><span style=\"background-color: inherit; font-family: inherit; font-size: 1rem;\">{gallery}galerija\/if{\/gallery}<br><\/span><\/strong><\/span><\/strong><strong><strong style=\"background-color: inherit; color: inherit; font-family: inherit; font-size: 1rem;\"><a style=\"background-color: inherit; font-family: inherit; font-size: 1rem; color: #000080;\" href=\"galerije\/fotografije\"><img loading=\"lazy\" decoding=\"async\" class=\" size-full wp-image-375 size-full wp-image-375\" style=\"text-align: center; line-height: 1.3em;\" src=\"https:\/\/novisajt.mojkovac.me\/wp-content\/uploads\/2011\/10\/shadow.jpg\" alt=\"shadow\" width=\"162\" height=\"4\"><img loading=\"lazy\" decoding=\"async\" style=\"text-align: center; line-height: 1.3em;\" src=\"https:\/\/novisajt.mojkovac.me\/wp-content\/uploads\/2011\/10\/shadow.jpg\" alt=\"shadow\" width=\"162\" height=\"4\"><\/a><\/strong><\/strong><\/span><\/p>\n<p><span style=\"color: #000080;\">19.07.2019.<\/span><\/p>\n<p><strong>Predsjednik Op\u0161tine Mojkovac g. Ranko Mi\u0161ni\u0107 prisustvovao 12. sjednici\u00a0Zajedni\u010dkog savjetodavnog odbora izme\u0111u Komiteta regiona EU i Zajednice op\u0161tina Crne Gore\u00a0<\/strong><\/p>\n<p><span style=\"color: #000080;\">U Briselu je odr\u017eana 12. sjednica Zajedni\u010dkog savjetodavnog odbora izme\u0111u Komiteta regiona EU i Zajednice op\u0161tina Crne Gore u \u010dijem su fokusu odnosi EU \u2013 Crna Gora iz lokalne perspektive i pretpristupna pomo\u0107 EU Crnoj Gori. Zajedni\u010dki savjetodavni odbor (ZSO) izme\u0111u Komiteta regiona EU i Zajednice op\u0161tina Crne Gore nagla\u0161ava neophodnost bliske saradnje i komunikacije sa lokalnim vlastima o pitanjima vezanim za integracije i reformske procese u EU.<\/span><br><span style=\"color: #000080;\">Delegaciju predstavnika crnogorskih op\u0161tina su predstavljali \u010dlanovi ZSO-a: Aleksandar Ka\u0161\u0107elan, Gradona\u010delnik Prijestonice Cetinje i kopredsjedavaju\u0107i sa crnogorske strane; Du\u0161an Rai\u010devi\u0107, Predsjednik Op\u0161tine Bar; Petar Smolovi\u0107, Predsjednik Op\u0161tine Bijelo Polje i Ranko Mi\u0161ni\u0107, Predsjednik Op\u0161tine Mojkovac. Sjednici su prisustvovali i Refik Bojad\u017ei\u0107, Generalni sekretar Zajednice op\u0161tina i Vanja Starovlah, pomo\u0107nik generalnog sekretara za evropske integracije i me\u0111unarodnu saradnju, kao i Darko Mrvaljevi\u0107, predsjednik Odbora za evropske integracije i medjunarodnu saradnju ZOCG.<br>Sledeci sastanak ZSO \u0107e se odr\u017eati u Tivtu, 15.oktobra 2019. godine.<br><span style=\"background-color: inherit; font-family: inherit; font-size: 1rem;\"><strong><span style=\"background-color: inherit; font-family: inherit; font-size: 1rem;\">{gallery}galerija\/zso{\/gallery}<br><\/span><\/strong><\/span><strong style=\"background-color: inherit; color: inherit; font-family: inherit; font-size: 1rem;\"><a style=\"background-color: inherit; font-family: inherit; font-size: 1rem; color: #000080;\" href=\"galerije\/fotografije\"><img loading=\"lazy\" decoding=\"async\" class=\" size-full wp-image-375 size-full wp-image-375\" style=\"text-align: center; line-height: 1.3em;\" src=\"https:\/\/novisajt.mojkovac.me\/wp-content\/uploads\/2011\/10\/shadow.jpg\" alt=\"shadow\" width=\"162\" height=\"4\"><img loading=\"lazy\" decoding=\"async\" style=\"text-align: center; line-height: 1.3em;\" src=\"https:\/\/novisajt.mojkovac.me\/wp-content\/uploads\/2011\/10\/shadow.jpg\" alt=\"shadow\" width=\"162\" height=\"4\"><\/a><\/strong><\/span><\/p>\n<p><span style=\"color: #000080;\">12.07.2019.<\/span><\/p>\n<p><span style=\"color: #000080;\"><strong><strong>Ministar kultureg. Bogdanovi\u0107 u posjeti Op\u0161tini Mojkovac<\/strong>\u00a0<\/strong>\u00a0<\/span><br><span style=\"color: #000080;\">Tokom susreta, govoreno je o brojnim temama, pri \u010demu je ministar Bogdanovi\u0107 istakao kako aktivnosti u tom gradu govore o ozbiljnom radu kulturnih poslenika.<\/span><br><span style=\"color: #000080;\">\u201cDa je tako \u2013 kako je on kazao \u2013 potvr\u0111uje \u010dinjenica da su ve\u0107 po\u010dele pripreme za Mojkova\u010dku filmsku jesen, da su sve obimnije aktivnosti na istra\u017eivanjima arheolo\u0161kog lokaliteta Brskovo, ali i da lokalni Centar za kulturu u sve ve\u0107oj mjeri organizuje programe namijenjene mladima\u201d.<\/span><br><span style=\"color: #000080;\">Ove godine, za Mojkova\u010dku filmsku jesen izdvoji\u0107e 16.000 eura i zajedno \u0107e se raditi na promociji i ja\u010danju tog brenda. Za projekte o\u010duvanja kulturnih dobara u Mojkovcu, samo do kraja teku\u0107e godine, izdvoji\u0107e oko 38.000 eura. Uz to, Ministarstvo kulture uskoro \u0107e predstaviti novi umjetni\u010dki program koji \u0107emo organizovati na sjeveru tokom ljeta, a Mojkovac \u0107e i u tom segmentu biti nezaobilazan.<br><span style=\"background-color: inherit; font-family: inherit; font-size: 1rem;\"><strong><span style=\"background-color: inherit; font-family: inherit; font-size: 1rem;\">{gallery}galerija\/kul{\/gallery}<br><\/span><\/strong><\/span><strong style=\"background-color: inherit; color: inherit; font-family: inherit; font-size: 1rem;\"><a style=\"background-color: inherit; font-family: inherit; font-size: 1rem; color: #000080;\" href=\"galerije\/fotografije\"><img loading=\"lazy\" decoding=\"async\" class=\" size-full wp-image-375 size-full wp-image-375\" style=\"text-align: center; line-height: 1.3em;\" src=\"https:\/\/novisajt.mojkovac.me\/wp-content\/uploads\/2011\/10\/shadow.jpg\" alt=\"shadow\" width=\"162\" height=\"4\"><img loading=\"lazy\" decoding=\"async\" style=\"text-align: center; line-height: 1.3em;\" src=\"https:\/\/novisajt.mojkovac.me\/wp-content\/uploads\/2011\/10\/shadow.jpg\" alt=\"shadow\" width=\"162\" height=\"4\"><\/a><\/strong><\/span><\/p>\n<p><span style=\"color: #000080;\">05.07.2019.<\/span><\/p>\n<p><span style=\"color: #000080;\"><strong style=\"background-color: inherit; color: inherit; font-family: inherit; font-size: 1rem;\">Ministarstvo odbrane organizovalo Gra\u0111anski sat u op\u0161tini Mojkovac\u00a0<\/strong><\/span><\/p>\n<p><span style=\"color: #000080;\">\u201cGra\u0111anski sat\u201d u organizaciji Ministartva odbrane posve\u0107en promociji vojnog poziva, dobrovoljnog slu\u017eenja vojnog roka, kao i obrazovanja na vojnim akademijama odr\u017ean je u Multimedijalnoj sali Op\u0161tine Mojkovac<\/span><br><span style=\"color: #000080;\">Kroz ovaj projekat Ministarstvo odbrane nastavlja sa praksom pribli\u017eavanja vojske mladoj populaciji kroz neposredni kontakt i komunikaciju, ali i pro\u0161iruje saradnju sa lokalnim samoupravama, u svrhu \u0161to uspje\u0161nijeg ostvarivanja strate\u0161kih ciljeva Ministarstva odbrane iz dijela ljudskih resursa<\/span><br><span style=\"color: #000080;\">Gra\u0111anskom satu prisustvovali su u\u010denici JUSM\u0160 ,, Vuksan \u0110uku\u0107 \u201c.<\/span><br><span style=\"color: #000080;\"><span style=\"background-color: inherit; font-family: inherit; font-size: 1rem;\"><strong><span style=\"background-color: inherit; font-family: inherit; font-size: 1rem;\">{gallery}galerija\/grs{\/gallery}<br><\/span><\/strong><\/span><strong style=\"background-color: inherit; color: inherit; font-family: inherit; font-size: 1rem;\"><a style=\"background-color: inherit; font-family: inherit; font-size: 1rem; color: #000080;\" href=\"galerije\/fotografije\"><img loading=\"lazy\" decoding=\"async\" class=\" size-full wp-image-375 size-full wp-image-375\" style=\"text-align: center; line-height: 1.3em;\" src=\"https:\/\/novisajt.mojkovac.me\/wp-content\/uploads\/2011\/10\/shadow.jpg\" alt=\"shadow\" width=\"162\" height=\"4\"><img loading=\"lazy\" decoding=\"async\" style=\"text-align: center; line-height: 1.3em;\" src=\"https:\/\/novisajt.mojkovac.me\/wp-content\/uploads\/2011\/10\/shadow.jpg\" alt=\"shadow\" width=\"162\" height=\"4\"><\/a><\/strong><\/span><\/p>\n<p><span style=\"color: #000080;\">07.06.2019.<\/span><\/p>\n<p><span style=\"color: #000080;\"><strong><span style=\"background-color: inherit; font-family: inherit; font-size: 1rem;\">Predsjednik Vlade Crne Gore Du\u0161ko Markovi\u0107 polo\u017eio je u Mojkovcu kamen-temeljac za transfer stanicu sa recikla\u017enim dvori\u0161tem i za Pasarelu preko magistrale<\/span><\/strong><\/span><\/p>\n<p><span style=\"color: #000080;\">\u201eSveukupno \u0107emo u naredne tri godine u Mojkovcu realizovati oko 30 miliona eura u putnu i drugu infrastrukturu koja \u0107e doprinijeti razvoju ovog kraja, razvoju sjevera, razvoju Crne Gore i naravno novim radnim mjestima\u201c, poru\u010dio je Markovi\u0107.<\/span><br><span style=\"color: #000080;\">Iz Vlade je saop\u0161teno da su ovo projekti vrijedni po dva miliona eura. Pasarela \u0107e biti duga 63 metra i \u0161irok sedam metarea. Na kraju mosta planirana je silazna spiralna rampa \u0161irine pet metara.<\/span><br><span style=\"color: #000080;\">Ugovor je potpisan 29. marta, rok za zavr\u0161etak radova je sedam mjeseci od uvo\u0111enja izvo\u0111a\u010da u posao.<\/span><br><span style=\"color: #000080;\">Premijer je rekao da se projekat transfer stanice u Rudnici radi po najvi\u0161im evropskim standardima i da je usmjeren ka za\u0161titi \u017eivotne sredine.<\/span><br><span style=\"color: #000080;\">\u201eNa ovaj na\u010din rje\u0161avamo pitanje komunalnog i \u010dvrstog otpada u op\u0161tini Mojkovac po najvi\u0161im ekolo\u0161kim i drugim standardima. Ovaj projekat ne samo \u0161to rje\u0161ava pitanje komunalnog otpada za grad Mojkovac i njegovu okolinu, ve\u0107 nam stvara pretpostavke da kona\u010dno rije\u0161imo jedno te\u0161ko ekolo\u0161ko pitanje \u2013 lokacije odlagali\u0161ta \u010dvrstog otpada na obali rijeke Tare u Podbi\u0161\u0107u\u201c, rekao je premijer nakon otvaranja.<\/span><\/p>\n<p><span style=\"color: #000080;\"><span style=\"font-family: inherit; font-size: 1rem;\">Pogledajte\u00a0<\/span><span style=\"background-color: inherit; font-family: inherit; font-size: 1rem;\">\u010dlanak<\/span><span style=\"background-color: inherit; font-family: inherit; font-size: 1rem;\">\u00a0<\/span><span style=\"font-family: inherit; font-size: 1rem;\">na linku (Izvor:CDM)<\/span><\/span><\/p>\n<p><span style=\"color: #000080;\"><a style=\"color: #000080;\" href=\"https:\/\/m.cdm.me\/ekonomija\/markovic-ulazemo-30-miliona-eura-u-mojkovac\/?fbclid=IwAR3DAYGCnYvc5NAV-kBQ2ru_q-KrU31au7b9dfKDw-KqYu3sFO9wm_fYNKo\">https:\/\/m.cdm.me\/ekonomija\/markovic-ulazemo-30-miliona-eura-u-mojkovac\/?fbclid=IwAR3DAYGCnYvc5NAV-kBQ2ru_q-KrU31au7b9dfKDw-KqYu3sFO9wm_fYNKo<br><\/a><span style=\"background-color: inherit; font-family: inherit; font-size: 1rem;\"><strong><span style=\"background-color: inherit; font-family: inherit; font-size: 1rem;\">{gallery}galerija\/kamt{\/gallery}<br><\/span><\/strong><\/span><strong style=\"background-color: inherit; color: inherit; font-family: inherit; font-size: 1rem;\"><a style=\"background-color: inherit; font-family: inherit; font-size: 1rem; color: #000080;\" href=\"galerije\/fotografije\"><img loading=\"lazy\" decoding=\"async\" class=\" size-full wp-image-375 size-full wp-image-375\" style=\"text-align: center; line-height: 1.3em;\" src=\"https:\/\/novisajt.mojkovac.me\/wp-content\/uploads\/2011\/10\/shadow.jpg\" alt=\"shadow\" width=\"162\" height=\"4\"><img loading=\"lazy\" decoding=\"async\" style=\"text-align: center; line-height: 1.3em;\" src=\"https:\/\/novisajt.mojkovac.me\/wp-content\/uploads\/2011\/10\/shadow.jpg\" alt=\"shadow\" width=\"162\" height=\"4\"><\/a><\/strong><\/span><\/p>\n<p><span style=\"color: #000080;\">30.04.2019.<\/span><\/p>\n<p><span style=\"color: #000080;\"><strong style=\"background-color: inherit; color: inherit; font-family: inherit; font-size: 1rem;\">Bratimljenje Op\u0161tine Mojkovac i grada Beli\u0161\u0107e<\/strong><\/span><\/p>\n<p><span style=\"color: #000080;\">Povodom obilje\u017eavanja Dana grada Beli\u0161\u0107a i njegovog 135. ro\u0111endana potpisan je Sporazum\u00a0o saradnji i uspostavljanju prijateljskih odnosa izme\u0111u Grada Beli\u0161\u0107a i Op\u0161tine Mojkovac.<\/span><br><span style=\"color: #000080;\">Potvr\u0111uju\u0107i uvjerenje u principe prijateljstva, slobode, demokratije, mira i ljudskih prava, a u cilju uspostavljanja me\u0111usobnih privrednih, kulturnih i dru\u0161tvenih odnosa, Grad Beli\u0161\u0107e i Op\u0161tina Mojkovac potpisali su Sporazum o saradnji i uspostavljanju prijateljskih odnosa.<\/span><br><span style=\"color: #000080;\">Ovim \u010dinom potvrdili su svoju opredijeljenost u sprovo\u0111enju politike prijateljstva i me\u0111unarodne saradnje, u postizanju ciljeva koji \u0107e doprinijeti boljem upoznavanju i uzajamnom po\u0161tovanju stanovnika Beli\u0161\u0107a i Mojkovca, te koji \u0107e doprinijeti sveobuhvatnijoj i povezanijoj Evropi.<\/span><br><span style=\"color: #000080;\">Predsjednik op\u0161tine Mojkovac g. Ranko Mi\u0161ni\u0107 je ovom prilikom poru\u010dio:<\/span><br><span style=\"color: #000080;\">\u201cOvo \u0161to danas \u201cstavljamo na papir\u201d, istovremeno stavljamo i u na\u0161a srca ali i u na\u0161e radne bilje\u017enice, u na\u0161e projektne zadatke, skup\u0161tinske odluke. \u017delimo i ho\u0107emo da svaki stanovnik Beli\u0161\u0107a i Mojkovca od danas bude bogatiji za nove ideje, nove perspektive, nova prijateljstva. Za nove mogu\u0107nosti. Da poslovno, ekonomski, turisti\u010dki, kulturno, sportski i na ostale kreativne na\u010dine nastave da daju \u017eivot na\u0161im dana\u0161njim potpisima.<\/span><br><span style=\"color: #000080;\">Danas \u0161aljemo poruku i na\u0161im dr\u017eavama da smo kao lokalne zajednice sposobni i spremni da na na\u0161im nivoima odgovornosti realizujemo projekte na kojima se baziraju integracije kao osnova dr\u017eavnih politika.<\/span><br><span style=\"color: #000080;\">Dozvolite mi da kao \u010dovjek koji je zapamtio sve dobrobiti kada je ovaj prostor jedinstveno funkcionisao, kada smo zajedni\u010dki slavili one poslednje \u0161ampionske zaveslaje Ljubeka i Janji\u0107a, izrazim zadovoljstvo \u0161to je pobratimstvo Beli\u0161\u0107a i Mojkovca potpisano ba\u0161 uo\u010di Prvomajskog uranka.<\/span><br><span style=\"color: #000080;\">Beli\u0161\u0107e i Mojkovac su uranili. Neka za nama krenu i ostali.\u201d<\/span><br><span style=\"color: #000080;\"><span style=\"background-color: inherit; font-family: inherit; font-size: 1rem;\"><strong><span style=\"background-color: inherit; font-family: inherit; font-size: 1rem;\">{gallery}galerija\/bel{\/gallery}<br><\/span><\/strong><\/span><span style=\"background-color: inherit; font-family: inherit; font-size: 1rem;\"><strong><a style=\"background-color: inherit; font-family: inherit; font-size: 1rem; color: #000080;\" href=\"galerije\/fotografije\"><img loading=\"lazy\" decoding=\"async\" class=\" size-full wp-image-375 size-full wp-image-375\" style=\"text-align: center; line-height: 1.3em;\" src=\"https:\/\/novisajt.mojkovac.me\/wp-content\/uploads\/2011\/10\/shadow.jpg\" alt=\"shadow\" width=\"162\" height=\"4\"><img loading=\"lazy\" decoding=\"async\" style=\"text-align: center; line-height: 1.3em;\" src=\"https:\/\/novisajt.mojkovac.me\/wp-content\/uploads\/2011\/10\/shadow.jpg\" alt=\"shadow\" width=\"162\" height=\"4\"><\/a><\/strong><\/span><\/span><\/p>\n<p><span style=\"color: #000080;\">27.04.2019.<\/span><\/p>\n<p><span style=\"color: #000080;\"><strong>Predstavnici op\u0161tina Fu\u017eine i Klana iz Primorsko \u2013 Goranske \u017eupanije posjetili su op\u0161tinu Mojkovac <\/strong><\/span><\/p>\n<p><span style=\"color: #000080;\">Predstavnici op\u0161tina Fu\u017eine i Klana iz Primorsko \u2013 Goranske \u017eupanije posjetili su op\u0161tinu Mojkovac gdje su ih primili predsjednik Ranko Mi\u0161ni\u0107 i potpredsjednik Slavenko Bla\u017eevi\u0107 sa saradnicima.<\/span><br><span style=\"color: #000080;\">\u00a0Radna posjeta je uslijedila kao uzvratna kada su predstavnici op\u0161tina Petnjica, Gusinje i Mojkovac bili u radnu posjetu ovim op\u0161tinama i Vinodolskoj op\u0161tini. Dogovorene su zajedni\u010dke aktivnosti na razvoju turizma i preduzetni\u0161tva, kao i kulturna i sportka saradnja.<\/span><br><span style=\"color: #000080;\"><span style=\"background-color: inherit; font-family: inherit; font-size: 1rem;\"><strong><span style=\"background-color: inherit; font-family: inherit; font-size: 1rem;\">{gallery}galerija\/sp{\/gallery}<br><\/span><\/strong><\/span><span style=\"background-color: inherit; font-family: inherit; font-size: 1rem;\"><strong><a style=\"background-color: inherit; font-family: inherit; font-size: 1rem; color: #000080;\" href=\"galerije\/fotografije\"><img loading=\"lazy\" decoding=\"async\" class=\" size-full wp-image-375 size-full wp-image-375\" style=\"text-align: center; line-height: 1.3em;\" src=\"https:\/\/novisajt.mojkovac.me\/wp-content\/uploads\/2011\/10\/shadow.jpg\" alt=\"shadow\" width=\"162\" height=\"4\"><img loading=\"lazy\" decoding=\"async\" style=\"text-align: center; line-height: 1.3em;\" src=\"https:\/\/novisajt.mojkovac.me\/wp-content\/uploads\/2011\/10\/shadow.jpg\" alt=\"shadow\" width=\"162\" height=\"4\"><\/a><\/strong><\/span><\/span><\/p>\n<p><span style=\"color: #000080;\">13.04.2019.<\/span><\/p>\n<p><span style=\"background-color: inherit; color: #000080; font-family: inherit; font-size: 1rem;\"><strong>Predsjednik Op\u0161tine Mojkovac g. Ranko Mi\u0161ni\u0107 boravio je u radnoj posjeti u Op\u0161tini Stara Pazova<\/strong><\/span><\/p>\n<p><span style=\"color: #000080;\">Predsjednik Op\u0161tine Mojkovac g. Ranko Mi\u0161ni\u0107 boravio je u radnoj posjeti u Op\u0161tini Stara Pazova na poziv predsjednika g. \u0110or\u0111a Radinovi\u0107a. Tom prilikom su ragovarali o razvoju privrede, mogu\u0107nostima za saradnju dvije op\u0161tine i obi\u0161li industrijske zone u kojima Stara Pazova bilje\u017ei konstantan trend rasta broja kompanija i preduze\u0107a koji su za svoj biznis odabrali ovu op\u0161tinu, a na procentu nezaposlenih, od svega nekoliki posto pozavidjeli bi i mnogi evropski gradovi.<br>Na teritoriji op\u0161tine Stara Pazova trenutno postoje \u010detiri industrijske zone na povr\u0161ini od oko 1.500 ha. Postoje\u0107e zone su infrastrukturno opremljene i u potpunosti zadovoljavaju potrebe i nekih od najuspe\u0161nijih svetskih kompanija koje su svoja postrojenja izgradile u tim zonama kao \u0161to su: Mercedes-Benz, Nestle, Volvo, Husqvarna, Gorenje, DHL, Muhlbauer, Alumil, Mil\u0161ped, Grubin, Greiner i JP Packaging, Artinvest.<br><span style=\"background-color: inherit; font-family: inherit; font-size: 1rem;\">{gallery}galerija\/sp{\/gallery}<br><\/span><a style=\"background-color: inherit; font-family: inherit; font-size: 1rem; color: #000080;\" href=\"galerije\/fotografije\"><img loading=\"lazy\" decoding=\"async\" class=\" size-full wp-image-375 size-full wp-image-375\" style=\"text-align: center; line-height: 1.3em;\" src=\"https:\/\/novisajt.mojkovac.me\/wp-content\/uploads\/2011\/10\/shadow.jpg\" alt=\"shadow\" width=\"162\" height=\"4\"><img loading=\"lazy\" decoding=\"async\" style=\"text-align: center; line-height: 1.3em;\" src=\"https:\/\/novisajt.mojkovac.me\/wp-content\/uploads\/2011\/10\/shadow.jpg\" alt=\"shadow\" width=\"162\" height=\"4\"><\/a><\/span><\/p>\n<p><span style=\"color: #000080;\">10.04.2019.<\/span><\/p>\n<p><span style=\"color: #000080;\"><strong>Posjeta Delegacije Olimpijskog centra \u201eJahorina\u201d<\/strong><\/span><\/p>\n<p><span style=\"color: #000080;\">Delegaciju Olimpijskog centra \u201cJahorina\u201d na \u010delu sa direktorom Dejanom Ljevnai\u0107em u Mojkovcu primio predsednik op\u0161tine Mojkovac, g. Ranko Mi\u0161ni\u0107 sa saradnicima. Razlog posjete je obilazak budu\u0107eg ski centra \u201e\u017darski\u201c i razmjena iskustava i ideja na temu planskog razvoja ski centra, ali i cijele sjeverne regije Crne Gore.<\/span><br><span style=\"color: #000080;\">Ovom prilikom predsjednik Mi\u0161ni\u0107 je istakao da je Vlada Crne Gore, na \u010delu sa premijerom Du\u0161kom Markovi\u0107em stavila akcenat na razvoj sjevera kroz prvenstveno razvoj skijali\u0161ta, jer prirodni potencijali i ljepote na\u0161ih planina mogu da pariraju najboljim evropskim skijali\u0161tima. Tako\u0111e je dodao da su te\u017enje Op\u0161tine Mojkovac da se planski i sistemski razvija ski centra, jer je to najbolji put do uspeha.<\/span><br><span style=\"color: #000080;\">S obzirom na veliko prethodno iskustvo koje ima u radu, direktor OC \u201eJahroina\u201c g. Dejan Ljevnai\u0107 sa saradnicima je iskoristio ovu posjetu kako bi dao savjete i mi\u0161ljenje u kojem je pravcu najbolje da Mojkovac krene i tom prilikom istakao: \u201eDok nisam obi\u0161ao Mojkovac i ostale Crnogorske planine nisam vjerovao da u Evropi jo\u0161 uvek postoji ovakav potencijal za razvoj skijali\u0161ta, koji do danas nije realizovan. Savr\u0161ena konfiguracija terena, uz male radove mo\u017ee dati odli\u010dan rezultat. Smatram da je JP Skijali\u0161ta Crne Gore na \u010delu sa mojim kolegom Milo\u0161em Popovi\u0107em, u velikoj prednosti jer po\u010dinju da rade \u201cod nule\u201d, mogu da prilagode izgradnju tra\u017enji i navikama skija\u0161a. Najva\u017enije je da sada dobro isplaniraju aktivnosti i projekte, jer su u ovom poslu gre\u0161ke izuzetno skupe i neispravljive. Siguran sam da Mojkovac, zajedno sa Kola\u0161inom mo\u017ee da postane ozbiljan turisti\u010dki paket, ne samo za turiste, ve\u0107 i za investitore, a kao rezultat svega mogu da do\u0111u u situaciju da imaju potpunu uposlenost, toliko veliku da po\u010dnu da uvoze radnu snagu. Poznato je da 1 zaposleni na \u017ei\u010dari, indirektno zapo\u0161ljava 5 ljudi u privredi i da je lanac turisti\u010dke potro\u0161nje ogroman. Prvi efekat je u pove\u0107anju cijena u real estate, a nakon toga pokre\u0107e zamajac turisti\u010dke potro\u0161nje gde ljudi iz lokala treba da na\u0111u svoju \u0161ansu u proizvodnji hrane, sira, mleka, mesa, otvaranju ugostiteljskih objekata, hotela, ski renti, ski \u0161kola i dr.\u201d<\/span><br><span style=\"color: #000080;\"><span style=\"background-color: inherit; font-family: inherit; font-size: 1rem;\">{gallery}galerija\/ol{\/gallery}<br><\/span><a style=\"background-color: inherit; font-family: inherit; font-size: 1rem; color: #000080;\" href=\"galerije\/fotografije\"><img loading=\"lazy\" decoding=\"async\" class=\" size-full wp-image-375 size-full wp-image-375\" style=\"text-align: center; line-height: 1.3em;\" src=\"https:\/\/novisajt.mojkovac.me\/wp-content\/uploads\/2011\/10\/shadow.jpg\" alt=\"shadow\" width=\"162\" height=\"4\"><img loading=\"lazy\" decoding=\"async\" style=\"text-align: center; line-height: 1.3em;\" src=\"https:\/\/novisajt.mojkovac.me\/wp-content\/uploads\/2011\/10\/shadow.jpg\" alt=\"shadow\" width=\"162\" height=\"4\"><\/a><\/span><\/p>\n<p><span style=\"color: #000080;\">27.03.2019.<\/span><\/p>\n<p><span style=\"color: #000080;\"><strong style=\"color: #000080; background-color: inherit; font-family: inherit; font-size: 1rem;\"><span style=\"background-color: inherit; font-family: inherit; font-size: 1rem;\">Ambasador Republike Hrvatske u Crnoj Gori NJ.E. Veselko Grubi\u0161i\u0107 u<\/span>\u00a0posjeti Op\u0161tini Mojkovac\u00a0<\/strong><\/span><\/p>\n<p><span style=\"color: #000080;\">Na sastanku sa predsjednikom Mi\u0161ni\u0107em razgovaralo se o realizovanim i zapo\u010detim razvojnim projektima u Mojkovcu, ali i potencijalnim projektima i aktivnostima na kojima bi sara\u0111ivali.<\/span><br><span style=\"color: #000080;\">Fokus je bio i na preno\u0161enju iskustava u procesu predpristupnih pregovora za \u010dlanstvo u Evropskoj uniji kroz koje je prolazila Hrvatska, ali i mogu\u0107nostima saradnje i zajedni\u010dkog apliciranja za sredstva EU kroz razne transnacionalne programe koji su nam na raspolaganju.<\/span><br><span style=\"color: #000080;\"><span style=\"background-color: inherit; font-family: inherit; font-size: 1rem;\">{gallery}galerija\/hr{\/gallery}<br><\/span><a style=\"background-color: inherit; font-family: inherit; font-size: 1rem; color: #000080;\" href=\"galerije\/fotografije\"><img loading=\"lazy\" decoding=\"async\" class=\" size-full wp-image-375 size-full wp-image-375\" style=\"text-align: center; line-height: 1.3em;\" src=\"https:\/\/novisajt.mojkovac.me\/wp-content\/uploads\/2011\/10\/shadow.jpg\" alt=\"shadow\" width=\"162\" height=\"4\"><img loading=\"lazy\" decoding=\"async\" style=\"text-align: center; line-height: 1.3em;\" src=\"https:\/\/novisajt.mojkovac.me\/wp-content\/uploads\/2011\/10\/shadow.jpg\" alt=\"shadow\" width=\"162\" height=\"4\"><\/a><\/span><\/p>\n<p><span style=\"color: #000080;\">13.03.2019.<\/span><\/p>\n<p><span style=\"color: #000080;\"><strong><strong>Ministar poljoprivrede i ruralnog razvoja g.Milutin Simovi\u0107 u posjeti Op\u0161tini Mojkovac<\/strong>\u00a0<\/strong><\/span><\/p>\n<p><span style=\"color: #000080;\">U radnoj posjeti u Mojkovcu boravio je ministar poljoprivrede i ruralnog razvoja g. Milutin Simovi\u0107 sa saradnicima.<\/span><br><span style=\"color: #000080;\">Sa predsjednikom op\u0161tine Mojkovac g. Mi\u0161ni\u0107em i saradnicima razgovarao je o projektima koji se realizuju i koji \u0107e se realizovati u cilju razvoja ruralnog podru\u010dja na\u0161e op\u0161tine, kao i podr\u0161ci koju obezbe\u0111uju kako Ministarstvo tako i Op\u0161tina kroz svoje Agrobud\u017eete.<\/span><br><span style=\"color: #000080;\">\u201cDanas smo u Mojkovcu jer su, kao \u0161to smo i najavili, najva\u017enije i naj\u0161e\u0161\u0107e adrese na\u0161eg rada\u00a0adrese vrijednih doma\u0107ina i preduzetnika i odgovornih lokalnih samouprava, sa \u017eeljom i potrebom da svi zajedno unapre\u0111ujemo na\u0161u poljoprivredu i uslove \u017eivota na selu.<\/span><br><span style=\"color: #000080;\">Vodimo otvorene i doma\u0107inske razgovore i dogovaramo brojne projekte koje \u0107emo zajedni\u010dki realizovati.<\/span><br><span style=\"color: #000080;\">Zavr\u0161i\u0107emo vodovod u Podbi\u0161\u0107u, za \u0161ta je Vlada opredijelila preko 100.000 eura.<\/span><br><span style=\"color: #000080;\">Dogovorili smo rekonstrukciju mosta u Gostilovini i rekonstrukciju i otvaranje otkupnog centra za mlijeko u Poljima.<\/span><br><span style=\"color: #000080;\">U neposrednoj komunikaciji sa doma\u0107inima, preduzetnicima i mje\u0161tanima, ukazali smo na brojne \u0161anse i mogu\u0107nosti koje je Vlada obezbijedila u ovogodi\u0161njem izda\u0161nom Agrobud\u017eetu.<\/span><br><span style=\"color: #000080;\">Zajedni\u010dki je utisak, opredjeljenje i odlu\u010dnost svih nas i na\u0161ih sagovornika da nastavljamo svi zajedno, i Vlada i lokalna samouprava i vrijedni doma\u0107ini\u201d, istakao je minsitar Simovi\u0107.<\/span><br><span style=\"color: #000080;\">Predsjednik Mi\u0161ni\u0107 je posebno istakao izuzetno dobru saradnju sa Ministarstvom poljoprivrede i ruralnog razvoja, najavio punu podr\u0161ku poljoprivrednim proizvo\u0111a\u010dima i izrazio \u017eelju da ove godine bude mnogo vi\u0161e korisnika mjera Agrobud\u017eeta kojima \u0107e Agro biznis centar Op\u0161tine Mojkovac biti pouzdan partner prilikom realizacije konkretnih aktivnosti.<\/span><\/p>\n<p><span style=\"color: #000080;\"><span style=\"background-color: inherit; font-family: inherit; font-size: 1rem;\">{gallery}galerija\/polj{\/gallery}<br><\/span><a style=\"background-color: inherit; font-family: inherit; font-size: 1rem; color: #000080;\" href=\"galerije\/fotografije\"><img loading=\"lazy\" decoding=\"async\" class=\" size-full wp-image-375 size-full wp-image-375\" style=\"text-align: center; line-height: 1.3em;\" src=\"https:\/\/novisajt.mojkovac.me\/wp-content\/uploads\/2011\/10\/shadow.jpg\" alt=\"shadow\" width=\"162\" height=\"4\"><img loading=\"lazy\" decoding=\"async\" style=\"text-align: center; line-height: 1.3em;\" src=\"https:\/\/novisajt.mojkovac.me\/wp-content\/uploads\/2011\/10\/shadow.jpg\" alt=\"shadow\" width=\"162\" height=\"4\"><\/a><\/span><\/p>\n<p><span style=\"color: #000080;\">08.03.2019.<\/span><\/p>\n<p><span style=\"color: #000080;\"><strong>Ministar odbrane g.Predrag Bo\u0161kovi\u0107 u posjeti Op\u0161tini Mojkovac<\/strong>\u00a0<\/span><\/p>\n<p><span style=\"color: #000080;\">Predsjednik Op\u0161tine Mojkovac g. Ranko Mi\u0161ni\u0107 i predsjednik Skup\u0161tine Op\u0161tine Mojkovac g. Dragomir Mrdak primili su Ministra odbrane g. Predraga Bo\u0161kovi\u0107a sa saradnicima.<\/span><br><span style=\"color: #000080;\">Na sastanku razgovarali su o izazovima koji \u0107e se zajedni\u010dki re\u0161avati. Prije svega definisani su lokalni putevi u ruralnom podru\u010dju koji \u0107e biti stavljeni u funkciju uz pomo\u0107 in\u017einjerije Vojske Crne Gore, a saglasnost je postignuta i kada je u pitanju ustupanje vje\u017ebali\u0161ta na Sinjajevini za vje\u017ebe Vojske, i da su ura\u0111ene sve neophodne studije koje dokazuju da ne\u0107e biti nikakvih \u0161tetnih uticaja na \u017eivotnu sredinu.<\/span><br><span style=\"color: #000080;\">Zajedni\u010dki su konstatovali da je bilo veliko interesovanje mladih za dobrovoljno slu\u017eenje vojnog roka, pa \u0107e u drugoj polovini ove godine biti raspisan novi konkurs sa ve\u0107im brojem mjesta kako bi se na taj na\u010din \u0161irila baza budu\u0107ih vojnih obveznika.<br><span style=\"background-color: inherit; font-family: inherit; font-size: 1rem;\">{gallery}galerija\/odb{\/gallery}<br><\/span><a style=\"background-color: inherit; font-family: inherit; font-size: 1rem; color: #000080;\" href=\"galerije\/fotografije\"><img loading=\"lazy\" decoding=\"async\" class=\" size-full wp-image-375 size-full wp-image-375\" style=\"text-align: center; line-height: 1.3em;\" src=\"https:\/\/novisajt.mojkovac.me\/wp-content\/uploads\/2011\/10\/shadow.jpg\" alt=\"shadow\" width=\"162\" height=\"4\"><img loading=\"lazy\" decoding=\"async\" style=\"text-align: center; line-height: 1.3em;\" src=\"https:\/\/novisajt.mojkovac.me\/wp-content\/uploads\/2011\/10\/shadow.jpg\" alt=\"shadow\" width=\"162\" height=\"4\"><\/a><\/span><\/p>\n<p><span style=\"background-color: inherit; color: #000080; font-family: inherit; font-size: 1rem;\">10.02.2019.<\/span><\/p>\n<p><span style=\"color: #000080;\"><strong>Prezentacija Agrobud\u017eeta za 2019. godinu Ministarstva poljoprivrede i ruralnog razvoja.<\/strong><\/span><\/p>\n<p><span style=\"color: #000080;\">Predsjednik Op\u0161tine Mojkovac g. Mi\u0161ni\u0107 je izrazio veliko zadovoljstvo \u0161to je Agrobud\u017eet za 2019. godinu uve\u0107an za 12.4 miliona eura u cilju razvoja poljoprivrede i potvrdio da bez osna\u017eenih doma\u0107instava i razvoja sela nema ni razvoja u cjelini.<br>Generalni direktor Direktorata za ruralni razvoj g. Konjevi\u0107 je istakao da Ministarstvo poljoprivrede i ruralnog razvoja uve\u0107anjem Agrobud\u017eeta za ovu godinu za 31% jasno pokazuje da \u0107e biti obezbije\u0111ena zna\u010dajno izda\u0161nija sredstva i programi bespovratne podr\u0161ke u cilju dinami\u010dnijeg razvoja poljoprivrede.<br>Poljoprivrednim proizvo\u0111a\u010dima \u0107e biti dodatno obja\u0161njene procedure i pravila koja se moraju ispo\u0161tovati kako bi \u0161to vi\u0161e aplikacija prema Ministarstvu bilo uspje\u0161no ocijenjeno.<br>Op\u0161tina Mojkovac je svojim Agrobud\u017eetom opredijelila 101 000eura za 2019. godinu \u010dija \u0107e prezentacija biti naknadno odr\u017eana.<\/span><\/p>\n<p><span style=\"color: #000080;\"><span style=\"background-color: inherit; font-family: inherit; font-size: 1rem;\">{gallery}galerija\/agr{\/gallery}<\/span>\u00a0<br><a style=\"background-color: inherit; font-family: inherit; font-size: 1rem; color: #000080;\" href=\"galerije\/fotografije\"><img loading=\"lazy\" decoding=\"async\" class=\" size-full wp-image-375 size-full wp-image-375\" style=\"text-align: center; line-height: 1.3em;\" src=\"https:\/\/novisajt.mojkovac.me\/wp-content\/uploads\/2011\/10\/shadow.jpg\" alt=\"shadow\" width=\"162\" height=\"4\"><img loading=\"lazy\" decoding=\"async\" style=\"text-align: center; line-height: 1.3em;\" src=\"https:\/\/novisajt.mojkovac.me\/wp-content\/uploads\/2011\/10\/shadow.jpg\" alt=\"shadow\" width=\"162\" height=\"4\"><\/a><\/span><\/p>\n<p><span style=\"color: #000080;\"><span style=\"background-color: inherit; font-family: inherit; font-size: 1rem;\"><span style=\"background-color: inherit; font-family: inherit; font-size: 1rem;\">07.02.2019.<\/span><\/span><\/span><\/p>\n<p><span style=\"color: #000080;\">U Mojkovcu je odr\u017ean prvi sastanak Koordinacionog tijela za Program \u201c\u010covjek i biosfera \u2013 basen rijeke Tare\u201d, a za predsjednika ovog tijela izabran je g. Ranko Mi\u0161ni\u0107 \u2013 predsjednik Op\u0161tine Mojkovac.<\/span><\/p>\n<p><span style=\"color: #000080;\"><span style=\"background-color: inherit; font-family: inherit; font-size: 1rem;\"><a style=\"color: #000080;\" href=\"http:\/\/www.mrt.gov.me\/vijesti\/195951\/Saopstenje-Konstituisano-Koordinaciono-tijelo-MAB-Programa-covjek-i-biosfera-basen-rijeke-Tare.html?fbclid=IwAR0aHsOrdapPIiOrh3K8EwmZHUz15qEjnhbmdgM-2yGuLDFHoMHcJBOVuyE\"><span style=\"font-family: inherit; font-size: 1rem;\">Pogledajte\u00a0<\/span><span style=\"background-color: inherit; font-family: inherit; font-size: 1rem;\">\u010dlanak<\/span><span style=\"background-color: inherit; font-family: inherit; font-size: 1rem;\">\u00a0<\/span><span style=\"font-family: inherit; font-size: 1rem;\">na linku (Izvor:Ministarstvo poljoprivrede i ruralnog razvoja)<\/span><\/a><br>{gallery}galerija\/mab{\/gallery}<br><\/span><a style=\"color: #000080;\" href=\"galerije\/fotografije\"><img loading=\"lazy\" decoding=\"async\" class=\" size-full wp-image-375 size-full wp-image-375\" style=\"text-align: center; line-height: 1.3em;\" src=\"https:\/\/novisajt.mojkovac.me\/wp-content\/uploads\/2011\/10\/shadow.jpg\" alt=\"shadow\" width=\"162\" height=\"4\"><img loading=\"lazy\" decoding=\"async\" style=\"text-align: center; line-height: 1.3em;\" src=\"https:\/\/novisajt.mojkovac.me\/wp-content\/uploads\/2011\/10\/shadow.jpg\" alt=\"shadow\" width=\"162\" height=\"4\"><\/a><\/span><\/p>\n<p><span style=\"color: #000080;\">05.02.2019.<\/span><\/p>\n<p><span style=\"color: #000080;\"><strong>Ministarstvo poljoprivrede i ruralnog razvoja u Op\u0161tini Mojkovac predstavilo RCTP prjekat\u00a0<\/strong><\/span><\/p>\n<p><span style=\"color: #000080;\">U Op\u0161tini Mojkovac je poljoprivrednim proizvo\u0111a\u010dima predstavljen RCTP projekat Ministarstva poljoprivrede i ruralnog razvoja, kao i mjere i oblasti koje \u0107e biti podr\u017eane. Tom prilikom je potpisan i Memorandum o saradnji izme\u0111u Op\u0161tine Mojkovac i kompanije \u201cMonte Bianco d.o.o.\u201d iz Danilovgrada koja se bavi proizvodnjom sira.<\/span><br><span style=\"color: #000080;\">Predsjednik Op\u0161tine Mojkovac g. Ranko Mi\u0161ni\u0107 je istakao da je poljoprivreda jedna od najva\u017enijih grana razvoja i da je cilj Op\u0161tine da se u narednom periodu defini\u0161u vrste i poljoprivredne djelatnosti koje bi svojim unapre\u0111enjem bile temelj prepoznatljivosti ovog kraja<\/span><br><span style=\"color: #000080;\">\u201eU prethodnoj godini akcenat podr\u0161ke bio je na unapre\u0111enju proizvodnje bobi\u010dastog vo\u0107a, kao i razvoju ov\u010darstva jer smo analiziraju\u0107i dosada\u0161nja iskustva zaklju\u010dili da ova grana mo\u017ee vi\u0161e i bolje ali naravno druga\u010dijim pristupom.<\/span><br><span style=\"color: #000080;\">U 2019. godini nastavi\u0107emo sa praksom \u201euzmi \u2013 vrati\u0107e\u0161\u201c koju smo zapo\u010deli sa rasom ovaca romanovski, ali i zna\u010dajnu podr\u0161ku \u0107emo usmjeriti na razvoj sto\u010darstva kroz nabavku i podjelu junica kako bi unaprijedili sto\u010dni fond na\u0161ih farmera.<\/span><br><span style=\"color: #000080;\">Da smo ozbiljno pristupili razvoju sto\u010darstva govori i \u010dinjenica da danas ovdje potpisujemo i Memorandum o saradnji sa kompanijom d.o.o Monte Bianco iz Danilovgrada koja se bavi proizvodnjom sira i sa kojom \u0107emo, nadam se, uspostaviti dogoro\u010dnu saradnju kada je otkup mlijeka u pitanju na obostrano zadovoljstvo, a kroz podru\u0161ku Ministarstva poljoprivrede i ruralnog razvoja unaprijediti kapacitete poljoprivrednih proizvo\u0111a\u010da i ruralnu infrastrukturu.\u201d<\/span><\/p>\n<p><span style=\"color: #000080;\"><span style=\"background-color: inherit; font-family: inherit; font-size: 1rem;\">{gallery}galerija\/bianko{\/gallery}<\/span><a style=\"color: #000080;\" href=\"galerije\/fotografije\"><br><img loading=\"lazy\" decoding=\"async\" class=\" size-full wp-image-375 size-full wp-image-375\" style=\"text-align: center; line-height: 1.3em;\" src=\"https:\/\/novisajt.mojkovac.me\/wp-content\/uploads\/2011\/10\/shadow.jpg\" alt=\"shadow\" width=\"162\" height=\"4\"><img loading=\"lazy\" decoding=\"async\" style=\"text-align: center; line-height: 1.3em;\" src=\"https:\/\/novisajt.mojkovac.me\/wp-content\/uploads\/2011\/10\/shadow.jpg\" alt=\"shadow\" width=\"162\" height=\"4\"><\/a><\/span><\/p>\n<p style=\"text-align: left;\"><span style=\"color: #000080; background-color: inherit; font-family: inherit; font-size: 1rem;\">Saop\u0161tenje 04.02.2019.<\/span><\/p>\n<p style=\"text-align: left;\"><span style=\"color: #000080;\">Na ju\u010dera\u0161njoj audiciji\u00a0 odabrane su predstavnice \u00a0na\u0161eg grada za u\u010de\u0161\u0107e na dje\u010djem muzi\u010dkom takmi\u010denju ,,Crna Gora u ritmu Evrope\u201c .<\/span><\/p>\n<p style=\"text-align: left;\"><span style=\"color: #000080;\">Stu\u010dni \u017eiri takmi\u010denja odabrao je: Anju Mrdak , Ma\u0161u \u0106etkovi\u0107 , Anku \u0106etkovi\u0107 , Jelenu Rube\u017ei\u0107 i Sla\u0111anu Vu\u010dini\u0107 da na takmi\u010denju koje \u0107e se odr\u017eati u maju mjesecu u pro\u0161logodi\u0161njem gradu pobjedniku , Tivtu , predstavljaju na\u0161 grad i jednu od zemalja Evropske Unije.<\/span><\/p>\n<p style=\"text-align: left;\"><span style=\"color: #000080;\">Djeca iz na\u0161eg grada ima\u0107e priliku da kroz \u010detvoromjese\u010dne pripreme sa stru\u010dnim timom takmi\u010denja,\u00a0 unaprijede svoje pjeva\u010dke i plesne talente. Sa vr\u0161njacima iz ostalih gradova Crne Gore nastupi\u0107e na finalnoj ve\u010deri, a pobjednik \u0107e biti odabran kombinacijom glasova stru\u010dnog \u017eirija i gledalaca koji glasaju putem SMS-a, uz prenos u\u017eivo na televiziji sa nacionalnom frekvencom.\u00a0 \u00a0<\/span><\/p>\n<p style=\"line-height: 14.3px; text-align: left;\"><span style=\"color: #000080;\">\u00a0<img loading=\"lazy\" decoding=\"async\" class=\" size-full wp-image-378\" src=\"https:\/\/novisajt.mojkovac.me\/wp-content\/uploads\/2011\/10\/audicija-mk.jpg\" alt=\"audicija mk\" width=\"448\" height=\"252\"><\/span><\/p>\n<p><span style=\"color: #000080;\"><a style=\"color: #000080;\" href=\"galerije\/fotografije\"><img loading=\"lazy\" decoding=\"async\" class=\" size-full wp-image-375 size-full wp-image-375\" style=\"text-align: center; line-height: 1.3em;\" src=\"https:\/\/novisajt.mojkovac.me\/wp-content\/uploads\/2011\/10\/shadow.jpg\" alt=\"shadow\" width=\"162\" height=\"4\"><img loading=\"lazy\" decoding=\"async\" style=\"text-align: center; line-height: 1.3em;\" src=\"https:\/\/novisajt.mojkovac.me\/wp-content\/uploads\/2011\/10\/shadow.jpg\" alt=\"shadow\" width=\"162\" height=\"4\"><\/a><\/span><\/p>\n<p><span style=\"color: #000080; background-color: inherit; font-family: inherit; font-size: 1rem;\">24.01.2019.<\/span><\/p>\n<p><span style=\"color: #000080;\"><strong>Direktorica Nacionalne turisti\u010dke organizacije u posjeti Op\u0161tini Mojkovac<\/strong><\/span><\/p>\n<p><\/p>\n<p><span style=\"color: #000080;\">Predsjednik Op\u0161tine Mojkovac g. Ranko Mi\u0161ni\u0107 primio je u svom kabinetu direktoricu Nacionalne turisti\u010dke organizacije Crne Gore g\u0111u \u017deljku Radak Kukavi\u010di\u0107 sa saradnicima i tom prilikom su razgovarali o izazovima kada je razvoj turizma u Mojkovcu u pitanju, ali i defiinisali okvire budu\u0107e saradnje.<\/span><\/p>\n<p><span style=\"color: #000080;\">Tako\u0111e, odr\u017ean je i sastanak sa mojkova\u010dkim privrednicima u oblasti turizma koji su imali priliku da iznesu sve ono \u0161to su barijere na koje nailaze u radu ali i predloge za kreiranje pozitivnog ambijenta i novih turisti\u010dkih sadr\u017eaja po kojima \u0107e Mojkovac biti prepoznatljiv.<\/span><\/p>\n<p><span style=\"color: #000080;\"><span style=\"font-family: inherit; font-size: 1rem;\">Pogledajte\u00a0<\/span><span style=\"background-color: inherit; font-family: inherit; font-size: 1rem;\">\u010dlanak<\/span><span style=\"background-color: inherit; font-family: inherit; font-size: 1rem;\">\u00a0<\/span><span style=\"font-family: inherit; font-size: 1rem;\">na linku (Izvor:CDM)<\/span><\/span><\/p>\n<p><span style=\"color: #000080;\"><a style=\"color: #000080;\" href=\"https:\/\/www.cdm.me\/ekonomija\/snaznija-saradnja-opstine-mojkovac-i-nacionalne-turisticke-organizacije\/\">https:\/\/www.cdm.me\/ekonomija\/snaznija-saradnja-opstine-mojkovac-i-nacionalne-turisticke-organizacije\/<\/a><\/span><\/p>\n<p><span style=\"color: #000080;\"><span style=\"background-color: inherit; font-family: inherit; font-size: 1rem;\">{gallery}galerija\/nto{\/gallery}<\/span><a style=\"color: #000080;\" href=\"galerije\/fotografije\"><br><img loading=\"lazy\" decoding=\"async\" class=\" size-full wp-image-375 size-full wp-image-375\" style=\"text-align: center; line-height: 1.3em;\" src=\"https:\/\/novisajt.mojkovac.me\/wp-content\/uploads\/2011\/10\/shadow.jpg\" alt=\"shadow\" width=\"162\" height=\"4\"><img loading=\"lazy\" decoding=\"async\" style=\"text-align: center; line-height: 1.3em;\" src=\"https:\/\/novisajt.mojkovac.me\/wp-content\/uploads\/2011\/10\/shadow.jpg\" alt=\"shadow\" width=\"162\" height=\"4\"><\/a><\/span><\/p>\n<p><span style=\"color: #000080; background-color: inherit; font-family: inherit; font-size: 1rem;\">15.11.2018.<\/span><\/p>\n<p><span style=\"color: #000080;\">Predsjednik Op\u0161tine Mojkovac g. Ranko Mi\u0161ni\u0107 u\u010destvovao je na \u201eMe\u0111unarodnoj konferenciji gradova svijeta 2018\u201c, koja se odr\u017eava u kineskom gradu Wuhan i koja okuplja vi\u0161e od 1000 gradona\u010delnika i predstavnika lokalnih vlasti iz Kine i cijelog svijeta.\u00a0<\/span><\/p>\n<p><span style=\"color: #000080;\">Predsjednik Mi\u0161ni\u0107 je imao izlaganje na temu: \u201eOdr\u017eivi urbani razvoj\u201c ispred Delegacije iz Crne Gore koju su \u010dinili i predsjednici op\u0161tina Kola\u0161in i Plu\u017eine, kao i predstavnik Zajednice op\u0161tina Crne Gore:<\/span><\/p>\n<p><span style=\"color: #000080;\">\u201cSvijet u malom \u2013 koji su cijenjeni doma\u0107ini ove Konferencije uspjeli da okupe, vjerujemo da \u0107e poslati dovoljno jake, inspirativne i konkretne poruke kako bi koncept odr\u017eivosti postao jo\u0161 sna\u017eniji i globalno prihva\u0107eniji i da \u0107emo svojim aktivnim u\u010de\u0161\u0107em uspjeti da doprinesemo ukupnom uspjehu.<\/span><br><span style=\"color: #000080;\"> Generacije koje dolaze na to nas obavezuju!\u201d<\/span><\/p>\n<p><span style=\"color: #000080;\"><span style=\"background-color: inherit; font-family: inherit; font-size: 1rem;\">{gallery}galerija\/kina{\/gallery}<br><\/span><a style=\"color: #000080;\" href=\"galerije\/fotografije\"><img loading=\"lazy\" decoding=\"async\" class=\" size-full wp-image-375 size-full wp-image-375\" style=\"text-align: center; line-height: 1.3em;\" src=\"https:\/\/novisajt.mojkovac.me\/wp-content\/uploads\/2011\/10\/shadow.jpg\" alt=\"shadow\" width=\"162\" height=\"4\"><img loading=\"lazy\" decoding=\"async\" style=\"text-align: center; line-height: 1.3em;\" src=\"https:\/\/novisajt.mojkovac.me\/wp-content\/uploads\/2011\/10\/shadow.jpg\" alt=\"shadow\" width=\"162\" height=\"4\"><\/a><\/span><\/p>\n<p><span style=\"color: #000080;\">08.11.2018.<\/span><\/p>\n<p><span style=\"color: #000080;\"><strong>Direktor Poreske uprave Crne Gore u posjeti Op\u0161tini Mojkovac<\/strong><\/span><\/p>\n<p>Op\u0161tina Mojkovac predstavlja pozitivan primjer me\u0111u op\u0161tinama kada je u pitanju stepen poreske disipline i redovnost u izmirivanju poreskih obaveza, ocijenjeno je tokom sastanka direktora Poreske uprave Miomira M. Mugo\u0161e i predsjednika Op\u0161tine Mojkovac Ranka Mi\u0161ni\u0107a.<\/p>\n<p><span style=\"color: #000080;\">\u201cImaju\u0107i u vidu da jedno lokalno preduze\u0107e sa terorije Op\u0161tine Mojkovac-doo Gradac izmiruje obaveze kroz reprogram, naglasio je da ohrabruje \u010dinjenica da je pona\u0111en modalitet za uspostavljanje dinamike redovnog servisiranja dospjelih obaveza od strane ovog obveznika, te da ne\u0107e biti ka\u0161njenja u izmirivanju ni teku\u0107ih potra\u017eivanja od strane istog od januara 2019. godini, \u0161to je i obaveza svih lokalnih preduze\u0107a na nivou lokalne samouprave\u201d, saop\u0161teno je iz Poreske uprave.<\/span><\/p>\n<p><span style=\"color: #000080;\">Mi\u0161ni\u0107 je istakao da dugovi koji su naslije\u0111eni iz ranijih perioda jo\u0161 uvijek ne dozvoljavaju funkcionisanje Komunalnog preduze\u0107a u punom kapacitetu, ali da isto i sa skromnim sredstvima sa kojima raspola\u017ee, servisira sve aktivnosti iz svoje nadle\u017enosti i stvara nove proizvode u skladu a onim \u0161to su trendovi i obaveze kada su u pitanju za\u0161tita \u017eivotne sredine i unapre\u0111enje uslova \u017eivota stanovnika Mojkovca.<\/span><\/p>\n<p><span style=\"color: #000080;\">\u201cSastanak je bio prilika i da se na bilateralnom nivou dogovore aktivnosti vezane za budu\u0107u bli\u017eu saradnju, posebno imaju\u0107i u vidu va\u017ene investicione i infrastrukturne projekte \u010dija realizacija je u toku, kao \u0161to su izgradnja SKI centra \u017darski i regionalni put, zbog kojih ova regija posjeduje veliki razvojni potencijal, a koji \u0107e imati pozitivne efekte i na naplatu javnih prihoda i rast privredne aktivnosti na teritoriji Op\u0161tine Mojkovac\u201d, zaklju\u010duje se u saop\u0161tenju Poreske uprave.<\/span><\/p>\n<p><span style=\"color: #000080;\">Pogledajte\u00a0<span style=\"background-color: inherit; font-family: inherit; font-size: 1rem;\">\u010dlanak<\/span><span style=\"background-color: inherit; font-family: inherit; font-size: 1rem;\">\u00a0<\/span>na linku (Izvor:CDM)<br><a style=\"color: #000080;\" href=\"https:\/\/www.cdm.me\/ekonomija\/opstina-mojkovac-redovno-izmiruje-poreske-obaveze\/\">https:\/\/www.cdm.me\/ekonomija\/opstina-mojkovac-redovno-izmiruje-poreske-obaveze\/<\/a><\/span><\/p>\n<p><span style=\"color: #000080;\"><span style=\"background-color: inherit; font-family: inherit; font-size: 1rem;\">{gallery}galerija\/poreska{\/gallery}<\/span><span style=\"background-color: inherit; font-family: inherit; font-size: 1rem;\">\u00a0<br><\/span><a style=\"color: #000080;\" href=\"galerije\/fotografije\"><img loading=\"lazy\" decoding=\"async\" class=\" size-full wp-image-375 size-full wp-image-375\" style=\"text-align: center; line-height: 1.3em;\" src=\"https:\/\/novisajt.mojkovac.me\/wp-content\/uploads\/2011\/10\/shadow.jpg\" alt=\"shadow\" width=\"162\" height=\"4\"><img loading=\"lazy\" decoding=\"async\" style=\"text-align: center; line-height: 1.3em;\" src=\"https:\/\/novisajt.mojkovac.me\/wp-content\/uploads\/2011\/10\/shadow.jpg\" alt=\"shadow\" width=\"162\" height=\"4\"><\/a><\/span><\/p>\n<p><span style=\"color: #000080; background-color: inherit; font-family: inherit; font-size: 1rem;\">25.10.2018.<\/span><\/p>\n<p><span style=\"color: #000080;\"><strong>Op\u0161tinu Mojkovac posjetio je ambasador Kine u Crnoj Gori Liu Jin sa saradnikom<\/strong><\/span><\/p>\n<p><span style=\"color: #000080;\">Na sastanku u kabinetu predsjednika razgovaralo se o realizovanim, ali i potencijalnim projektima i aktivnostima na kojima bi zajedni\u010dki sara\u0111ivali.<\/span><br><span style=\"color: #000080;\">\u201cSaradnja sa ambasadom u prethodnom periodu bila je na visokom nivou gdje kao rezultat danas imamo unapre\u0111enu infrastrukturu u oblasti \u0161kolstva na lokalnom nivou kroz adaptaciju osnovnih \u0161kola u Lepencu i Pro\u0161\u0107enju, kao i unaprije\u0111ene uslova za kvalitetniji \u017eivot gra\u0111ana kroz ure\u0111enje glavnog gradskog parkinga\u201d, navedeno je iz mojkova\u010dke Op\u0161tine.<\/span><br><span style=\"color: #000080;\">Nakon sastanka ambasador je sa predsjednikom op\u0161tine Mi\u0161ni\u0107em posjetio Osnovnu \u0161kolu \u201cRadomir Rako\u010devi\u0107\u201c u Pro\u0161\u0107enju za \u010diju je adaptaciju Ambasada izdvojila 30 hiljada eura.<\/span><\/p>\n<p><span style=\"color: #000080;\">Pogledajte\u00a0<span style=\"background-color: inherit; font-family: inherit; font-size: 1rem;\">\u010dlanak<\/span><span style=\"background-color: inherit; font-family: inherit; font-size: 1rem;\">\u00a0<\/span>na linku (Izvor:CDM)<\/span><\/p>\n<p><span style=\"color: #000080;\"><a style=\"color: #000080;\" href=\"https:\/\/www.cdm.me\/drustvo\/saradnja-opstine-mojkovac-i-kineske-ambasade-na-visokom-nivou\/\">https:\/\/www.cdm.me\/drustvo\/saradnja-opstine-mojkovac-i-kineske-ambasade-na-visokom-nivou\/<\/a><\/span><\/p>\n<p><span style=\"color: #000080;\"><span style=\"background-color: inherit; font-family: inherit; font-size: 1rem;\">{gallery}galerija\/kina-amb{\/gallery}<\/span><span style=\"background-color: inherit; font-family: inherit; font-size: 1rem;\">\u00a0<br><\/span><a style=\"color: #000080;\" href=\"galerije\/fotografije\"><img loading=\"lazy\" decoding=\"async\" class=\" size-full wp-image-375 size-full wp-image-375\" style=\"text-align: center; line-height: 1.3em;\" src=\"https:\/\/novisajt.mojkovac.me\/wp-content\/uploads\/2011\/10\/shadow.jpg\" alt=\"shadow\" width=\"162\" height=\"4\"><img loading=\"lazy\" decoding=\"async\" style=\"text-align: center; line-height: 1.3em;\" src=\"https:\/\/novisajt.mojkovac.me\/wp-content\/uploads\/2011\/10\/shadow.jpg\" alt=\"shadow\" width=\"162\" height=\"4\"><\/a><\/span><\/p>\n<p><span style=\"color: #000080; line-height: 14.3px;\">26.09.2018.<\/span><\/p>\n<p><span style=\"color: #000080;\">Kao izraz posebne pa\u017enje predsjednik Op\u0161tine Mojkovac Ranko Mi\u0161ni\u0107 je danas uru\u010dio prigodan poklon djeci prvog, drugog, tre\u0107eg i \u010detvrtog razreda svih osnovnih \u0161kola u Mojkovcu.<\/span><br><span style=\"color: #000080;\">Kako su saop\u0161tili iz ove op\u0161tine, \u0161kolske pribore dobili su u\u010denici O\u0160 Aleksa \u0110ilas Be\u0107o, O\u0160 Radomir Rako\u010devi\u0107, Pro\u0161\u0107enje i O\u0160 Milovan Rako\u010devi\u0107- Lepenac.<\/span><br><span style=\"color: #000080;\">Mi\u0161ni\u0107 je najavio da ovo ne\u0107e biti usamljena aktivnost kada je u pitanju podr\u0161ka obrazovanju na lokalnom nivou, kao i da ne\u0107e izostati ni ulaganje u infrastrukturu kako bi se stvorili \u0161to bolji uslovi za realizaciju nastavnih aktivnosti.<\/span><br><span style=\"color: #000080;\">Ispred osnovnih \u0161kola zahvalio se direktor\u00a0O\u0160 Aleksa \u0110ilas Be\u0107o,\u00a0Veselin Bulatovi\u0107.<\/span><br><span style=\"background-color: inherit; color: #000080; font-family: inherit; font-size: 1rem;\">\u201cOp\u0161tina Mojkovac je uvijek imala sluha i osjetljivosti za sve potrebe \u0161kole i uvijek je izlazila u susret, na \u010demu im se najiskrenije zahvaljujemo. Da napomenem, Op\u0161tina Mojkovac je i ove godine obezbijedila \u00a0besplatne ud\u017ebenike za sve u\u010denike prvog razreda\u201d, kazao je Bulatovi\u0107.<\/span><\/p>\n<p><span style=\"color: #000080;\">Pogledajte\u00a0<span style=\"background-color: inherit; font-family: inherit; font-size: 1rem;\">\u010dlanak<\/span><span style=\"background-color: inherit; font-family: inherit; font-size: 1rem;\">\u00a0<\/span>na linku (Izvor:CDM)<\/span><\/p>\n<p><span style=\"color: #000080;\"><a style=\"color: #000080;\" href=\"https:\/\/www.cdm.me\/drustvo\/opstina-mojkovac-poklonila-skolski-pribor-osnovcima\/\">https:\/\/www.cdm.me\/drustvo\/opstina-mojkovac-poklonila-skolski-pribor-osnovcima\/<\/a><\/span><\/p>\n<p><span style=\"color: #000080;\"><span style=\"background-color: inherit; font-family: inherit; font-size: 1rem;\">{gallery}galerija\/skola{\/gallery}<br><\/span><a style=\"color: #000080;\" href=\"galerije\/fotografije\"><img loading=\"lazy\" decoding=\"async\" class=\" size-full wp-image-375 size-full wp-image-375\" style=\"text-align: center; line-height: 1.3em;\" src=\"https:\/\/novisajt.mojkovac.me\/wp-content\/uploads\/2011\/10\/shadow.jpg\" alt=\"shadow\" width=\"162\" height=\"4\"><img loading=\"lazy\" decoding=\"async\" style=\"text-align: center; line-height: 1.3em;\" src=\"https:\/\/novisajt.mojkovac.me\/wp-content\/uploads\/2011\/10\/shadow.jpg\" alt=\"shadow\" width=\"162\" height=\"4\"><\/a><\/span><\/p>\n<p style=\"text-align: left;\"><span style=\"color: #000080;\">Saop\u0161tenje 24.05.2017.<\/span><\/p>\n<p style=\"line-height: 14.3px; text-align: left;\"><span style=\"color: #000080;\"><a style=\"color: #000080;\" href=\"https:\/\/novisajt.mojkovac.me\/wp-content\/uploads\/2013\/04\/saopstenje_potpisan_sporazum_slovacka.doc\">\u2013 Posjeta delegacije Op\u0161tine Mojkovac R.Slova\u010dkoj i potpisivanje sporazuma o razumijevanju \u2013 preuzmi saop\u0161tenje<\/a><\/span><\/p>\n<p style=\"line-height: 14.3px; text-align: left;\"><span style=\"color: #000080;\"><img loading=\"lazy\" decoding=\"async\" class=\" size-full wp-image-375\" style=\"line-height: 14.3px; text-align: center;\" src=\"https:\/\/novisajt.mojkovac.me\/wp-content\/uploads\/2011\/10\/shadow.jpg\" alt=\"shadow\" width=\"162\" height=\"4\"><\/span><\/p>\n<p style=\"line-height: 14.3px; text-align: left;\"><span style=\"color: #000080;\">\u00a0<span style=\"line-height: 14.3px;\">Saop\u0161tenje 08.02.2017.<\/span><\/span><\/p>\n<p style=\"line-height: 14.3px; text-align: left;\"><span style=\"color: #000080;\"><a style=\"color: #000080;\" href=\"images\/stories\/dokumenti\/posjeta_ministar_sporta.doc\">\u2013 Posjeta ministra sporta Op\u0161tini Mojkovac \u2013 preuzmi saop\u0161tenje<\/a><\/span><\/p>\n<p style=\"line-height: 14.3px; text-align: left;\"><span style=\"color: #000080;\"><img loading=\"lazy\" decoding=\"async\" class=\" size-full wp-image-375\" style=\"line-height: 14.3px; text-align: center;\" src=\"https:\/\/novisajt.mojkovac.me\/wp-content\/uploads\/2011\/10\/shadow.jpg\" alt=\"shadow\" width=\"162\" height=\"4\"><\/span><\/p>\n<p style=\"line-height: 14.3px; text-align: left;\"><span style=\"color: #000080;\"><strong>08.09.2016.<\/strong><\/span><\/p>\n<p style=\"line-height: 14.3px; text-align: left;\"><span style=\"color: #000080;\"><a style=\"color: #000080;\" href=\"https:\/\/novisajt.mojkovac.me\/wp-content\/uploads\/2013\/04\/saopstenje_otvoren_sistem_tretman_mulja_trscana_polja.doc\">Otvoren sistem tretmana kanalizacionog mulja na tr\u0161\u010danim poljima<span style=\"line-height: 14.3px;\">\u2013 preuzmi saop\u0161tenje<\/span> <\/a><\/span><\/p>\n<p style=\"line-height: 14.3px; text-align: left;\"><span style=\"color: #000080;\">\u00a0<img loading=\"lazy\" decoding=\"async\" class=\" size-full wp-image-375\" style=\"line-height: 14.3px; text-align: center;\" src=\"https:\/\/novisajt.mojkovac.me\/wp-content\/uploads\/2011\/10\/shadow.jpg\" alt=\"shadow\" width=\"162\" height=\"4\"><\/span><\/p>\n<p style=\"line-height: 14.3px; text-align: left;\"><span style=\"color: #000080;\"><strong>31.08.2016.<\/strong><\/span><\/p>\n<p style=\"line-height: 14.3px; text-align: left;\"><span style=\"color: #000080;\">Obavje\u0161tenje <\/span><\/p>\n<p style=\"line-height: 14.3px; text-align: left;\"><span style=\"color: #000080;\">Sekretarijat za ure\u0111enje prostora obavje\u0161tava zainteresovanu javnost da je ura\u0111en Nacrt lokalnog plana upravljanja komunalnim i neopasnim gra\u0111evinskim otpadom op\u0161tine Mojkovac 2016.-2020. <\/span><\/p>\n<p style=\"line-height: 14.3px; text-align: left;\"><span style=\"color: #000080;\">Poziva se zainteresovana javnost da izvr\u0161i uvid u predmetni Nacrt plana.<\/span><\/p>\n<p style=\"line-height: 14.3px; text-align: left;\"><span style=\"color: #000080;\">Rok za uvid i dostavljanje primjedbi i mi\u0161ljenja je do 15.09.2016. godine<\/span><\/p>\n<p style=\"line-height: 14.3px; text-align: left;\"><span style=\"color: #000080;\">Nacrt plana mo\u017eete preuzeti u prostorijama Op\u0161tine Mojkovac, Trg Lj. Bako\u010da kancelarija broj 1 na II spratu radnim danima od 09 do 12 \u010dasova ili preuzeti ovdje klikom na link:<\/span><\/p>\n<p style=\"line-height: 14.3px; text-align: left;\"><span style=\"color: #000080;\"><a style=\"color: #000080;\" href=\"https:\/\/novisajt.mojkovac.me\/wp-content\/uploads\/2013\/04\/nacrt_lpno.doc\">Nacrt Lokalnog plana za upravljanje komunalnim i neopasnim gra\u0111evinskim otpadom 2016.-2020. \u2013 preuzmite<\/a><\/span><\/p>\n<p style=\"line-height: 14.3px; text-align: left;\"><span style=\"color: #000080;\">\u00a0<\/span><\/p>\n<p style=\"line-height: 14.3px; text-align: left;\"><span style=\"color: #000080;\"><a style=\"color: #000080;\" href=\"https:\/\/novisajt.mojkovac.me\/wp-content\/uploads\/2013\/04\/obavjestenje_nacrt_lpno.doc\">Obavje\u0161tenje \u2013 preuzmite <\/a><\/span><\/p>\n<p style=\"line-height: 14.3px; text-align: left;\"><span style=\"color: #000080;\">\u00a0<img loading=\"lazy\" decoding=\"async\" class=\" size-full wp-image-375\" style=\"line-height: 14.3px; text-align: center;\" src=\"https:\/\/novisajt.mojkovac.me\/wp-content\/uploads\/2011\/10\/shadow.jpg\" alt=\"shadow\" width=\"162\" height=\"4\"><\/span><\/p>\n<p style=\"line-height: 14.3px; text-align: left;\"><span style=\"color: #000080;\"><strong>20.04.2016.<\/strong><\/span><\/p>\n<p style=\"line-height: 14.3px; text-align: left;\"><span style=\"color: #000080;\"><a style=\"color: #000080;\" href=\"https:\/\/novisajt.mojkovac.me\/wp-content\/uploads\/2013\/04\/rjesenje_lice_za_prijem_postupanje_po_zahtjevu_zvizdac.pdf\">Rje\u0161enje o odre\u0111ivanju lica za prijem i postupanje po zahtjevu zvi\u017eda\u010da<\/a><\/span><\/p>\n<p style=\"line-height: 14.3px; text-align: left;\"><span style=\"color: #000080;\"><img loading=\"lazy\" decoding=\"async\" class=\" size-full wp-image-375\" style=\"line-height: 14.3px; text-align: center;\" src=\"https:\/\/novisajt.mojkovac.me\/wp-content\/uploads\/2011\/10\/shadow.jpg\" alt=\"shadow\" width=\"162\" height=\"4\"><\/span><\/p>\n<p style=\"line-height: 14.3px; text-align: left;\"><span style=\"color: #000080;\"><strong>01.02.2016.<\/strong><\/span><\/p>\n<p style=\"line-height: 14.3px; text-align: left;\"><span style=\"color: #000080;\"><a style=\"color: #000080;\" href=\"https:\/\/novisajt.mojkovac.me\/wp-content\/uploads\/2011\/10\/javni_poziv_otpremnine.pdf\">Javni poziv za sporazumni prekid radnog odnosa\u00a0uz isplatu otpremnine<\/a><\/span><\/p>\n<p style=\"line-height: 14.3px; text-align: left;\"><span style=\"color: #000080;\">\u00a0<img loading=\"lazy\" decoding=\"async\" class=\" size-full wp-image-375\" style=\"line-height: 14.3px; text-align: center;\" src=\"https:\/\/novisajt.mojkovac.me\/wp-content\/uploads\/2011\/10\/shadow.jpg\" alt=\"shadow\" width=\"162\" height=\"4\"><\/span><\/p>\n<p style=\"line-height: 14.3px; text-align: left;\"><span style=\"font-weight: bold; line-height: 1.3em; color: #000080;\">30.01.2016.<\/span><\/p>\n<p style=\"text-align: left;\"><span style=\"color: #000080;\"><a style=\"color: #000080;\" href=\"https:\/\/novisajt.mojkovac.me\/wp-content\/uploads\/2011\/10\/odluka_otpremnina.pdf\">Odluka o visini otpremnine slu\u017ebenika\/namje\u0161tenika po osnovu sporazumnog prekida radnog odnosa<\/a><\/span><\/p>\n<p style=\"line-height: 14.3px; text-align: left;\"><span style=\"color: #000080;\"><img loading=\"lazy\" decoding=\"async\" class=\" size-full wp-image-375\" style=\"line-height: 14.3px; text-align: center;\" src=\"https:\/\/novisajt.mojkovac.me\/wp-content\/uploads\/2011\/10\/shadow.jpg\" alt=\"shadow\" width=\"162\" height=\"4\"><img loading=\"lazy\" decoding=\"async\" class=\" size-full wp-image-375\" style=\"line-height: 14.3px; text-align: center;\" src=\"https:\/\/novisajt.mojkovac.me\/wp-content\/uploads\/2011\/10\/shadow.jpg\" alt=\"shadow\" width=\"162\" height=\"4\"><\/span><\/p>\n<p style=\"line-height: 14.3px; text-align: left;\"><span style=\"color: #000080;\">\u00a0<\/span><\/p>\n<p style=\"line-height: 14.3px; text-align: left;\"><span style=\"color: #000080;\">Saop\u0161tenje 04.12.2014.<\/span><\/p>\n<p style=\"line-height: 14.3px; text-align: left;\"><span style=\"line-height: 14.3px; color: #000080;\"><strong>Nova uloga organizacija civilnog dru\u0161tva u implementaciji i monitoringu politika na lokalnom nivou<\/strong><\/span><\/p>\n<p style=\"line-height: 14.3px; text-align: left;\"><span style=\"color: #000080;\"><span style=\"line-height: 14.3px;\">imaju\u0107i u vidu dokumente na lokalnom nivou, javlja se potreba za ve\u0107om uklju\u010deno\u0161\u0107u svih zainteresovanih strana, me\u0111u kojima va\u017eno mjesto pripada organizacijama civilnog dru\u0161tva. Kako bi se unaprijedili kapaciteti ovih organizacija u pra\u0107enju i implementaciji strate\u0161kih dokumenata na lokalnom nivou, Institut za strate\u0161ke studije i projekcije, u saradnji sa CASE Institutom iz Poljske i Centrom za evropsko obrazovanje i studije iz Podgorice, realizuje projekat \u201c<\/span><span style=\"line-height: 14.3px;\">Nova uloga organizacija civilnog dru\u0161tva u implementaciji i monitoringu politika na lokalnom nivou\u201d. Projekat finansira EU, a Ministarstvo ekonomije i Zajednica op\u0161tina su formalno podr\u017eale realizaciju ovog projekta.<\/span><\/span><\/p>\n<p style=\"line-height: 14.3px; text-align: left;\"><span style=\"line-height: 14.3px; color: #000080;\">Glavni cilj projekta je ja\u010danje uloge organizacija civilnog dru\u0161tva i lokalnih vlasti u implementaciji i razvoju strate\u0161kih planova razvoja (SPR) na lokalnom nivou, dok se specifi\u010dni ciljevi odnose na ja\u010danje kapaciteta i uklju\u010divanje organizacija civilnog dru\u0161tva u implementaciju i monitoring SPR-a na lokalnom nivou i pove\u0107anje svijesti \u00a0gra\u0111ana o va\u017enosti SPR-a u 10 crnogorskih op\u0161tina na koje se projekat odnosi (Mojkovac, Plav, Danilovgrad, \u017dabljak, Kola\u0161in, Bijelo Polje, Cetinje, Andrijevica, Berane i Tivat).<\/span><\/p>\n<p style=\"line-height: 14.3px; text-align: left;\">\n<\/p><p style=\"line-height: 14.3px; text-align: left;\"><span style=\"color: #000080;\">Pogledajte video na linku:<\/span><\/p>\n<p class=\"MsoNormal\" style=\"margin-bottom: 0.0001pt; line-height: normal; background-image: initial; background-attachment: initial; background-size: initial; background-origin: initial; background-clip: initial; background-position: initial; background-repeat: initial; text-align: left;\"><span style=\"color: #000080;\"><a style=\"color: #000080;\" href=\"http:\/\/www.youtube.com\/watch?v=3H5YzqgUZAs\" target=\"_blank\" rel=\"noopener\"><span style=\"font-size: 9pt;\">http:\/\/www.youtube.com\/watch?v=3H5YzqgUZAs<\/span><\/a><\/span><\/p>\n<p class=\"MsoNormal\" style=\"margin-bottom: 0.0001pt; line-height: normal; background-image: initial; background-attachment: initial; background-size: initial; background-origin: initial; background-clip: initial; background-position: initial; background-repeat: initial; text-align: left;\"><span style=\"color: #000080;\"><span style=\"line-height: 14.3px;\"><img loading=\"lazy\" decoding=\"async\" class=\" size-full wp-image-375\" style=\"line-height: 14.3px; text-align: center;\" src=\"https:\/\/novisajt.mojkovac.me\/wp-content\/uploads\/2011\/10\/shadow.jpg\" alt=\"shadow\" width=\"162\" height=\"4\"><\/span><\/span><\/p>\n<p style=\"line-height: 14.3px; text-align: left;\">\n<\/p><p style=\"text-align: left;\"><span style=\"color: #000080;\">Saop\u0161tenje 12.05.2014.<\/span><\/p>\n<p style=\"text-align: left;\"><span style=\"color: #000080;\"><a style=\"color: #000080;\" href=\"https:\/\/novisajt.mojkovac.me\/wp-content\/uploads\/2013\/04\/posjeta_malik_abongo_obama.doc\">\u2013 Posjeta delegacije Fondacije \u201cBarak H. Obama\u201d, NVO \u201cBalkan klub mira\u201d i Svjetske organizacije za mir Op\u0161tini Mojkovac \u2013 preuzmi saop\u0161tenje<\/a><\/span><\/p>\n<p style=\"text-align: left;\"><span style=\"color: #000080;\">\u00a0<\/span><\/p>\n<p style=\"text-align: left;\"><span style=\"color: #000080;\">Saop\u0161tenje 16.01.2014.<\/span><\/p>\n<p style=\"text-align: left;\"><span style=\"color: #000080;\"><a style=\"color: #000080;\" href=\"https:\/\/novisajt.mojkovac.me\/wp-content\/uploads\/2013\/04\/saopstenje.doc\">\u2013 Posjeta direktora Direkcije za javne radove, g-dina \u017darka \u017divkovi\u0107a \u00a0Mojkovcu \u2013 preuzmi saop\u0161tenje<\/a><\/span><\/p>\n<p style=\"text-align: left;\"><span style=\"color: #000080;\">\u00a0Saop\u0161tenje<\/span><\/p>\n<p style=\"text-align: left;\"><span style=\"color: #000080;\">15.10.2013.<\/span><\/p>\n<p style=\"text-align: left;\"><span style=\"color: #000080;\">Obavje\u0161tavaju se predsravnici malih i srednjih preduze\u0107a i preduzetnici koji se bave poljoprivrednom proizvodnjom i preradom, drvopreradom i uslugama, kao i ruralnim turizmom da \u0107e\u00a0<span style=\"line-height: 1.3em;\">u Op\u0161tini Kola\u0161in <\/span><span style=\"line-height: 1.3em;\">u srijedu, 16.10.2013. godine, sa po\u010detkom u 9.30 \u010dasova od strane Ministarstva ekonomije i Direkcije za razvoj malih i srednjih preduze\u0107a biti predstavljen Program podsticanja razvoja klastera u Crnoj Gori i manje razvijenim op\u0161tinama.<\/span><\/span><\/p>\n<p style=\"text-align: left;\"><span style=\"color: #000080;\">\u00a0<img loading=\"lazy\" decoding=\"async\" class=\" size-full wp-image-375\" src=\"https:\/\/novisajt.mojkovac.me\/wp-content\/uploads\/2011\/10\/shadow.jpg\" alt=\"shadow\" width=\"162\" height=\"4\"><img loading=\"lazy\" decoding=\"async\" class=\" size-full wp-image-375\" style=\"line-height: 1.3em;\" src=\"https:\/\/novisajt.mojkovac.me\/wp-content\/uploads\/2011\/10\/shadow.jpg\" alt=\"shadow\" width=\"162\" height=\"4\"><\/span><\/p>\n<p style=\"text-align: left;\"><span style=\"color: #000080;\">\u00a0<span style=\"line-height: 1.3em;\">Saop\u0161tenje<\/span><\/span><\/p>\n<p style=\"text-align: left;\"><span style=\"color: #000080;\">13.06.2013.<\/span><\/p>\n<p style=\"text-align: left;\"><span style=\"color: #000080;\">\u00a0Op\u0161tina Mojkovac u cilju transparentnosti i informisanja javnosti objavljuje spisak lica kojima je, u skladu sa rje\u0161enjem predsjednika Op\u0161tine Mojkovac, broj 01-1624 od 04.12.2012. godine ispla\u0107ena naknada u visini od 10% procijenjene \u0161tete od elementarnih nepogoda od strane op\u0161tinskih Komisija za procjenu \u0161tete.<\/span><\/p>\n<p style=\"text-align: left;\"><span style=\"color: #000080;\">Sredstva su ispla\u0107ena u decembru 2012. godine preko Prve banke CG uplatom na teku\u0107e ra\u010dune o\u0161te\u0107enih lica.<\/span><\/p>\n<p style=\"text-align: left;\"><span style=\"color: #000080;\">\u00a0<\/span><\/p>\n<p style=\"text-align: left;\"><span style=\"color: #000080;\">Rje\u0161enje i spisak mo\u017eete preuzeti ovdje klikom na link:<\/span><\/p>\n<p style=\"text-align: left;\"><span style=\"color: #000080;\"><a style=\"color: #000080;\" href=\"https:\/\/novisajt.mojkovac.me\/wp-content\/uploads\/2013\/04\/011624.pdf\">-Rje\u0161enje 01-1624 od 04.12.2012.<\/a><\/span><\/p>\n<p style=\"text-align: left;\"><span style=\"color: #000080;\"><a style=\"color: #000080;\" href=\"https:\/\/novisajt.mojkovac.me\/wp-content\/uploads\/2013\/04\/spisakel.pdf\">-Spisak za isplatu<\/a><\/span><\/p>\n<p style=\"text-align: left;\"><span style=\"color: #000080;\">\u00a0<\/span><\/p>\n<p style=\"text-align: left;\"><span style=\"color: #000080;\">NAPOMENA: u cilju za\u0161tite li\u010dnih podataka u spiskovima nijesu navedeni JMB i teku\u0107i ra\u010duni lica kojima je ispla\u0107ena naknada.<\/span><\/p>\n<p style=\"text-align: left;\"><span style=\"color: #000080;\"><img loading=\"lazy\" decoding=\"async\" class=\" size-full wp-image-375\" style=\"border-width: initial; border-color: initial;\" src=\"https:\/\/novisajt.mojkovac.me\/wp-content\/uploads\/2011\/10\/shadow.jpg\" alt=\"shadow\" width=\"162\" height=\"4\"><img loading=\"lazy\" decoding=\"async\" class=\" size-full wp-image-375\" style=\"border-width: initial; border-color: initial;\" src=\"https:\/\/novisajt.mojkovac.me\/wp-content\/uploads\/2011\/10\/shadow.jpg\" alt=\"shadow\" width=\"162\" height=\"4\"><img loading=\"lazy\" decoding=\"async\" class=\" size-full wp-image-375\" style=\"border-width: initial; border-color: initial;\" src=\"https:\/\/novisajt.mojkovac.me\/wp-content\/uploads\/2011\/10\/shadow.jpg\" alt=\"shadow\" width=\"162\" height=\"4\"><\/span><\/p>\n<p style=\"text-align: left;\"><span style=\"color: #000080;\">\u00a0Saop\u0161tenje<\/span><\/p>\n<p style=\"text-align: left;\"><span style=\"color: #000080;\">24.04.2013.<\/span><\/p>\n<p style=\"text-align: left;\"><span style=\"color: #000080;\">\u00a0Op\u0161tina Mojkovac i Fakultet za poslovne studije \u201cMontenegro bisnis school\u201d potpisali sporazum o saradnji.<\/span><\/p>\n<p style=\"text-align: left;\"><span style=\"color: #000080;\">\u00a0<a style=\"color: #000080;\" href=\"https:\/\/novisajt.mojkovac.me\/wp-content\/uploads\/2013\/04\/saopstenje24042013.doc\"><strong>Detaljnije\u2026<\/strong><\/a><\/span><\/p>\n<p style=\"text-align: left;\"><span style=\"color: #000080;\">\u00a0<\/span><\/p>\n<p style=\"text-align: left;\"><span style=\"background-color: inherit; color: #000080; font-family: inherit; font-size: 1rem;\">Saop\u0161tenje<\/span><\/p>\n<p style=\"text-align: left;\"><span style=\"color: #000080;\">24.04.2013.<\/span><\/p>\n<p style=\"text-align: left;\"><span style=\"color: #000080;\">Op\u0161tina Mojkovac u okviru projekta \u201cZnanje za odr\u017eivi razvoj\u201d u saradnji sa NVO \u201cTerra nostra\u201d nastavlja akciju ure\u0111ivanja parka \u0160u\u0161kovina.<\/span><\/p>\n<p style=\"text-align: left;\"><span style=\"color: #000080;\">Akcija je zakazana za 25.04.2013. godine u 10 \u010dasova.<\/span><\/p>\n<p style=\"text-align: left;\"><span style=\"color: #000080;\">\u00a0<a style=\"color: #000080;\" href=\"https:\/\/novisajt.mojkovac.me\/wp-content\/uploads\/2013\/04\/info24042013.doc\"><strong>Detaljnije\u2026<\/strong><\/a><\/span><\/p>\n<p style=\"text-align: center;\"><span style=\"color: #000080;\"><strong><img loading=\"lazy\" decoding=\"async\" class=\" alignleft size-full wp-image-375\" style=\"border-width: initial; border-color: initial; float: left;\" src=\"https:\/\/novisajt.mojkovac.me\/wp-content\/uploads\/2011\/10\/shadow.jpg\" alt=\"shadow\" width=\"162\" height=\"4\"><img loading=\"lazy\" decoding=\"async\" class=\" alignleft size-full wp-image-375\" style=\"border-width: initial; border-color: initial; float: left;\" src=\"https:\/\/novisajt.mojkovac.me\/wp-content\/uploads\/2011\/10\/shadow.jpg\" alt=\"shadow\" width=\"162\" height=\"4\"><\/strong><\/span><\/p>\n\n\n<div class=\"wp-block-buttons is-layout-flex wp-block-buttons-is-layout-flex\"><\/div>\n\n\n\n<div class=\"wp-block-buttons is-layout-flex wp-block-buttons-is-layout-flex\"><\/div>\n","protected":false},"excerpt":{"rendered":"<p>Na ovoj stranici mo\u017eete prona\u0107i aktuelne objave za javnost,\u00a0 izvje\u0161taje [\u2026]<\/p>\n","protected":false},"author":2,"featured_media":7101,"comment_status":"closed","ping_status":"closed","sticky":false,"template":"","format":"standard","meta":{"inline_featured_image":false,"footnotes":""},"categories":[90],"tags":[],"class_list":["post-13209","post","type-post","status-publish","format-standard","has-post-thumbnail","hentry","category-90"],"acf":[],"_links":{"self":[{"href":"https:\/\/novisajt.mojkovac.me\/cyr\/wp-json\/wp\/v2\/posts\/13209","targetHints":{"allow":["GET"]}}],"collection":[{"href":"https:\/\/novisajt.mojkovac.me\/cyr\/wp-json\/wp\/v2\/posts"}],"about":[{"href":"https:\/\/novisajt.mojkovac.me\/cyr\/wp-json\/wp\/v2\/types\/post"}],"author":[{"embeddable":true,"href":"https:\/\/novisajt.mojkovac.me\/cyr\/wp-json\/wp\/v2\/users\/2"}],"replies":[{"embeddable":true,"href":"https:\/\/novisajt.mojkovac.me\/cyr\/wp-json\/wp\/v2\/comments?post=13209"}],"version-history":[{"count":4,"href":"https:\/\/novisajt.mojkovac.me\/cyr\/wp-json\/wp\/v2\/posts\/13209\/revisions"}],"predecessor-version":[{"id":13216,"href":"https:\/\/novisajt.mojkovac.me\/cyr\/wp-json\/wp\/v2\/posts\/13209\/revisions\/13216"}],"wp:featuredmedia":[{"embeddable":true,"href":"https:\/\/novisajt.mojkovac.me\/cyr\/wp-json\/wp\/v2\/media\/7101"}],"wp:attachment":[{"href":"https:\/\/novisajt.mojkovac.me\/cyr\/wp-json\/wp\/v2\/media?parent=13209"}],"wp:term":[{"taxonomy":"category","embeddable":true,"href":"https:\/\/novisajt.mojkovac.me\/cyr\/wp-json\/wp\/v2\/categories?post=13209"},{"taxonomy":"post_tag","embeddable":true,"href":"https:\/\/novisajt.mojkovac.me\/cyr\/wp-json\/wp\/v2\/tags?post=13209"}],"curies":[{"name":"wp","href":"https:\/\/api.w.org\/{rel}","templated":true}]}}